{"id":3613,"date":"2016-05-26T11:32:08","date_gmt":"2016-05-26T10:32:08","guid":{"rendered":"http:\/\/www.diocesisplasencia.org\/w\/?p=3613"},"modified":"2016-05-26T11:32:08","modified_gmt":"2016-05-26T10:32:08","slug":"llamados-a-manifestar-nuestra-fe-y-amor-a-la-eucarista","status":"publish","type":"post","link":"https:\/\/diocesisplasencia.org\/hemeroteca\/llamados-a-manifestar-nuestra-fe-y-amor-a-la-eucarista\/","title":{"rendered":"Llamados a manifestar nuestra fe y amor a la Eucarist\u00eda"},"content":{"rendered":"<p><a href=\"http:\/\/www.diocesisplasencia.org\/w\/wp-content\/uploads\/2015\/Llamados-a-manifestar-nuestra-fe-y-amor-_AF47\/IMG_2522.jpg\"><img fetchpriority=\"high\" decoding=\"async\" title=\"IMG_2522\" style=\"border-left-width: 0px; border-right-width: 0px; background-image: none; border-bottom-width: 0px; padding-top: 0px; padding-left: 0px; display: inline; padding-right: 0px; border-top-width: 0px\" border=\"0\" alt=\"IMG_2522\" src=\"http:\/\/www.diocesisplasencia.org\/w\/wp-content\/uploads\/2015\/Llamados-a-manifestar-nuestra-fe-y-amor-_AF47\/IMG_2522_thumb.jpg\" width=\"448\" height=\"300\"><\/a><\/p>\n<p align=\"right\"><em>Imagen de la procesi\u00f3n del Corpus en Plasencia (2015).<\/em><\/p>\n<p>Un a\u00f1o m\u00e1s, la Iglesia Cat\u00f3lica se prepara para celebrar la fiesta del Corpus Christi, Solemnidad del Sant\u00edsimo Cuerpo y Sangre de Cristo, en la que el pueblo de Dios, sacerdotes y laicos, estamos llamados a manifestar nuestra fe y amor a la Eucarist\u00eda, dando signos de unidad y fraternidad.<\/p>\n<p><!--more--><\/p>\n<p><b>El domingo 29 de mayo a las 11.00 horas <\/b>en la Santa Iglesia Catedral de Plasencia, el Vicario General con don Amadeo y moderador de la Curia, don Francisco Rico Bayo, presidir\u00e1 la Eucarist\u00eda y seguidamente se llevar\u00e1 a cabo la procesi\u00f3n. Al terminar se celebrar\u00e1, de nuevo, misa en la catedral.  <\/p>\n<p>Por decisi\u00f3n del Cabildo Catedralicio ese mismo d\u00eda estar\u00e1 expuesto el Sant\u00edsimo para la adoraci\u00f3n y acci\u00f3n de gracias desde las 17.00 hasta las 19.00 horas en la Catedral. A las 18.30 horas rezo de V\u00edsperas y bendici\u00f3n con el Sant\u00edsimo.  <\/p>\n<p><b>Itinerario procesional<\/b>  <\/p>\n<p>Desde la Catedral hacia la Calle Blanca, San Nicol\u00e1s, calle Zapater\u00eda, plaza de Ansano, Plaza Mayor (por la parte baja), San Esteban y calle Santa Clara hasta la Catedral.<\/p>\n","protected":false},"excerpt":{"rendered":"<p>Imagen de la procesi\u00f3n del Corpus en Plasencia (2015). Un a\u00f1o m\u00e1s, la Iglesia Cat\u00f3lica se prepara para celebrar la fiesta del Corpus Christi, Solemnidad del Sant\u00edsimo Cuerpo y Sangre de Cristo, en la que el pueblo de Dios, sacerdotes y laicos, estamos llamados a&#8230;<\/p>\n","protected":false},"author":1,"featured_media":0,"comment_status":"closed","ping_status":"closed","sticky":false,"template":"","format":"standard","meta":{"footnotes":""},"categories":[23],"tags":[],"_links":{"self":[{"href":"https:\/\/diocesisplasencia.org\/hemeroteca\/wp-json\/wp\/v2\/posts\/3613"}],"collection":[{"href":"https:\/\/diocesisplasencia.org\/hemeroteca\/wp-json\/wp\/v2\/posts"}],"about":[{"href":"https:\/\/diocesisplasencia.org\/hemeroteca\/wp-json\/wp\/v2\/types\/post"}],"author":[{"embeddable":true,"href":"https:\/\/diocesisplasencia.org\/hemeroteca\/wp-json\/wp\/v2\/users\/1"}],"replies":[{"embeddable":true,"href":"https:\/\/diocesisplasencia.org\/hemeroteca\/wp-json\/wp\/v2\/comments?post=3613"}],"version-history":[{"count":0,"href":"https:\/\/diocesisplasencia.org\/hemeroteca\/wp-json\/wp\/v2\/posts\/3613\/revisions"}],"wp:attachment":[{"href":"https:\/\/diocesisplasencia.org\/hemeroteca\/wp-json\/wp\/v2\/media?parent=3613"}],"wp:term":[{"taxonomy":"category","embeddable":true,"href":"https:\/\/diocesisplasencia.org\/hemeroteca\/wp-json\/wp\/v2\/categories?post=3613"},{"taxonomy":"post_tag","embeddable":true,"href":"https:\/\/diocesisplasencia.org\/hemeroteca\/wp-json\/wp\/v2\/tags?post=3613"}],"curies":[{"name":"wp","href":"https:\/\/api.w.org\/{rel}","templated":true}]}}