{"id":3599,"date":"2016-05-22T11:24:00","date_gmt":"2016-05-22T10:24:00","guid":{"rendered":"http:\/\/www.diocesisplasencia.org\/w\/?p=3599"},"modified":"2016-05-22T11:24:00","modified_gmt":"2016-05-22T10:24:00","slug":"la-dicesis-despide-hoy-al-obispo-con-una-misa-en-la-catedral","status":"publish","type":"post","link":"https:\/\/diocesisplasencia.org\/hemeroteca\/la-dicesis-despide-hoy-al-obispo-con-una-misa-en-la-catedral\/","title":{"rendered":"La Di\u00f3cesis despide hoy al obispo con una misa en la catedral"},"content":{"rendered":"<p><a href=\"http:\/\/www.hoy.es\/plasencia\/201605\/22\/diocesis-despide-obispo-misa-20160522003608-v.html\" target=\"_blank\" rel=\"noopener noreferrer\">DIARIO HOY 22-05-16<\/a><\/p>\n<p>La comunidad religiosa de la Di\u00f3cesis de Plasencia despedir\u00e1 hoy a las 18.00 horas con una misa en la catedral a Amadeo Rodr\u00edguez Magro, el que ha sido su obispo durante los \u00faltimos 12 a\u00f1os, que el pasado 9 de abril fue nombrado nuevo prelado de Ja\u00e9n, cargo del que tomar\u00e1 posesi\u00f3n el 28 de mayo.  <\/p>\n<p>Aunque este ser\u00e1 el acto oficial, Amadeo Rodr\u00edguez lleva varias semanas despidi\u00e9ndose de manera informal de los religiosos y feligreses de la Di\u00f3cesis placentina, que ahora queda a la espera de recibir a un nuevo obispo. Se trata de un proceso impredecible que puede durar desde semanas hasta a\u00f1os, si bien ya empiezan a rumorearse algunos nombres como posibles candidatos.<\/p>\n<p><!--more--><\/p>\n<p>Entre los que suenan con m\u00e1s fuerza est\u00e1 el sacerdote pacense Jos\u00e9 Mar\u00eda Gil Tamayo, secretario general y portavoz de la Conferencia Episcopal Espa\u00f1ola (CEE), que precisamente el pasado jueves estuvo en Plasencia para presentar la instrucci\u00f3n pastoral &#8216;Iglesia, servidora de los pobres&#8217;, incluida en el programa diocesano de Formaci\u00f3n Permanente del Clero. Tambi\u00e9n hay voces que consideran que Gil Tamayo, dado el cargo que ocupa en la Conferencia Episcopal, puede optar a una di\u00f3cesis de mayor envergadura.<\/p>\n","protected":false},"excerpt":{"rendered":"<p>DIARIO HOY 22-05-16 La comunidad religiosa de la Di\u00f3cesis de Plasencia despedir\u00e1 hoy a las 18.00 horas con una misa en la catedral a Amadeo Rodr\u00edguez Magro, el que ha sido su obispo durante los \u00faltimos 12 a\u00f1os, que el pasado 9 de abril fue&#8230;<\/p>\n","protected":false},"author":1,"featured_media":0,"comment_status":"closed","ping_status":"closed","sticky":false,"template":"","format":"standard","meta":{"footnotes":""},"categories":[39],"tags":[],"_links":{"self":[{"href":"https:\/\/diocesisplasencia.org\/hemeroteca\/wp-json\/wp\/v2\/posts\/3599"}],"collection":[{"href":"https:\/\/diocesisplasencia.org\/hemeroteca\/wp-json\/wp\/v2\/posts"}],"about":[{"href":"https:\/\/diocesisplasencia.org\/hemeroteca\/wp-json\/wp\/v2\/types\/post"}],"author":[{"embeddable":true,"href":"https:\/\/diocesisplasencia.org\/hemeroteca\/wp-json\/wp\/v2\/users\/1"}],"replies":[{"embeddable":true,"href":"https:\/\/diocesisplasencia.org\/hemeroteca\/wp-json\/wp\/v2\/comments?post=3599"}],"version-history":[{"count":0,"href":"https:\/\/diocesisplasencia.org\/hemeroteca\/wp-json\/wp\/v2\/posts\/3599\/revisions"}],"wp:attachment":[{"href":"https:\/\/diocesisplasencia.org\/hemeroteca\/wp-json\/wp\/v2\/media?parent=3599"}],"wp:term":[{"taxonomy":"category","embeddable":true,"href":"https:\/\/diocesisplasencia.org\/hemeroteca\/wp-json\/wp\/v2\/categories?post=3599"},{"taxonomy":"post_tag","embeddable":true,"href":"https:\/\/diocesisplasencia.org\/hemeroteca\/wp-json\/wp\/v2\/tags?post=3599"}],"curies":[{"name":"wp","href":"https:\/\/api.w.org\/{rel}","templated":true}]}}