{"id":3555,"date":"2016-05-30T10:11:00","date_gmt":"2016-05-30T09:11:00","guid":{"rendered":"http:\/\/www.diocesisplasencia.org\/w\/?p=3555"},"modified":"2016-05-30T10:11:00","modified_gmt":"2016-05-30T09:11:00","slug":"la-reforma-de-los-archivos-garantiza-la-conservacin-del-fondo-episcopal","status":"publish","type":"post","link":"https:\/\/diocesisplasencia.org\/hemeroteca\/la-reforma-de-los-archivos-garantiza-la-conservacin-del-fondo-episcopal\/","title":{"rendered":"La reforma de los archivos garantiza la conservaci\u00f3n del fondo episcopal"},"content":{"rendered":"<p><a href=\"http:\/\/www.hoy.es\/plasencia\/201604\/30\/reforma-archivos-garantiza-conservacion-20160430000920-v.html\" target=\"_blank\" rel=\"noopener noreferrer\">DIARIO HOY 30-04-16<\/a>  <\/p>\n<p>Las antiguas caballerizas del palacio episcopal de Plasencia albergan ya el que, junto con la Biblioteca de los Jesuitas, es seg\u00fan la Di\u00f3cesis el gran referente del patrimonio documental eclesi\u00e1stico de Extremadura, sin nada que envidiar al Monasterio de Guadalupe. Los Archivos Capitular y Diocesano comparten ya espacio en los bajos del palacio, unas dependencias que con la reforma se han dotado de la m\u00e1s moderna tecnolog\u00eda en conservaci\u00f3n de documentos. Fueron inauguradas el jueves por la tarde como uno de los grandes legados culturales que deja el obispo Amadeo Rodr\u00edguez Magro, justo un mes antes de su toma de posesi\u00f3n como nuevo prelado de Ja\u00e9n.<\/p>\n<p><!--more--><\/p>\n<p>Hasta el inicio de la reforma en el a\u00f1o 2014, este espacio que en su d\u00eda fueron las caballerizas de los antiguos obispos se ven\u00eda usando como almac\u00e9n, mientras que los archivos eclesi\u00e1sticos se encontraban en unas dependencias poco adecuadas. \u00abCuando llegu\u00e9 a Plasencia y baj\u00e9 a los archivos no me gust\u00f3 lo que vi, pero no porque no fuera bonito, sino porque estaba muy en peligro\u00bb, afirm\u00f3 Amadeo Rodr\u00edguez en el acto de inauguraci\u00f3n.  <\/p>\n<p>Tuvo que pasar una d\u00e9cada desde aquella primera visita hasta que por fin se pusieron en marcha las obras que han permitido tanto acondicionar un entorno duradero para las 4.600 cajas de documentos del Archivo Diocesano como para los 322 legajos y 273 libros del Archivo Capitular, que es el que guarda toda la documentaci\u00f3n referida a la catedral de Plasencia. Tambi\u00e9n se ha habilitado un espacio de trabajo moderno y c\u00f3modo para los investigadores que acuden a consultarlos. Adem\u00e1s, se ha creado un puesto de trabajo de documentalista para asistir a los investigadores. El horario es de 10.00 a 14.00 horas por la ma\u00f1ana de lunes a viernes. Por la tarde s\u00f3lo abre los jueves de 16.00 a 19.00 horas.  <\/p>\n<p>El conjunto que forman estos archivos eclesi\u00e1sticos junto con la espectacular Biblioteca de los Jesuitas, situada en una sala de la planta superior, es una joya documental primer magnitud, como no se cansaron de repetir el jueves tanto el obispo como el resto de cargos de la Di\u00f3cesis que intervinieron en la inauguraci\u00f3n. Esa biblioteca acoge los libros acumulados por la Compa\u00f1\u00eda de Jes\u00fas desde su llegada a Plasencia en el siglo XVI hasta su expulsi\u00f3n en el XVIII. Sobrevivi\u00f3 a la invasi\u00f3n francesa gracias que sus anaqueles fueron tapiados, y en ella se conservan en magn\u00edfico estado vol\u00famenes de gran valor bibliogr\u00e1fico sobre filosof\u00eda, humanidades, antropolog\u00eda y otras disciplinas, entre ellas varias obras de Plat\u00f3n o el Padre Salmer\u00f3n, o un Codex Iustiniano en perfectas condiciones.  <\/p>\n<p>El alcalde, Fernando Pizarro, aprovech\u00f3 la ocasi\u00f3n para anunciar que Amadeo Rodr\u00edguez ser\u00e1 nombrado hijo adoptivo de Plasencia, y adem\u00e1s se le pondr\u00e1 su nombre a la nueva plaza que se va a crear junto a la Puerta del Sol tras el derribo del antiguo aparcamiento.  <\/p>\n<p>Por otra parte, tambi\u00e9n el jueves se inaugur\u00f3 en la catedral vieja la exposici\u00f3n &#8216;Misericordia&#8217;, una muestra de escultura sacra en la que se pueden ver tres talla de crucificados , un ecce homo, una dolorosa y una piedad procedentes de varias iglesias de Plasencia y B\u00e9jar. Permanecer\u00e1 hasta el 1 de julio y el horario de visitas es de martes a domingo de 11.00 a 14.00 y de 17.00 a 20.00.<\/p>\n","protected":false},"excerpt":{"rendered":"<p>DIARIO HOY 30-04-16 Las antiguas caballerizas del palacio episcopal de Plasencia albergan ya el que, junto con la Biblioteca de los Jesuitas, es seg\u00fan la Di\u00f3cesis el gran referente del patrimonio documental eclesi\u00e1stico de Extremadura, sin nada que envidiar al Monasterio de Guadalupe. Los Archivos&#8230;<\/p>\n","protected":false},"author":1,"featured_media":0,"comment_status":"closed","ping_status":"closed","sticky":false,"template":"","format":"standard","meta":{"footnotes":""},"categories":[39],"tags":[],"_links":{"self":[{"href":"https:\/\/diocesisplasencia.org\/hemeroteca\/wp-json\/wp\/v2\/posts\/3555"}],"collection":[{"href":"https:\/\/diocesisplasencia.org\/hemeroteca\/wp-json\/wp\/v2\/posts"}],"about":[{"href":"https:\/\/diocesisplasencia.org\/hemeroteca\/wp-json\/wp\/v2\/types\/post"}],"author":[{"embeddable":true,"href":"https:\/\/diocesisplasencia.org\/hemeroteca\/wp-json\/wp\/v2\/users\/1"}],"replies":[{"embeddable":true,"href":"https:\/\/diocesisplasencia.org\/hemeroteca\/wp-json\/wp\/v2\/comments?post=3555"}],"version-history":[{"count":0,"href":"https:\/\/diocesisplasencia.org\/hemeroteca\/wp-json\/wp\/v2\/posts\/3555\/revisions"}],"wp:attachment":[{"href":"https:\/\/diocesisplasencia.org\/hemeroteca\/wp-json\/wp\/v2\/media?parent=3555"}],"wp:term":[{"taxonomy":"category","embeddable":true,"href":"https:\/\/diocesisplasencia.org\/hemeroteca\/wp-json\/wp\/v2\/categories?post=3555"},{"taxonomy":"post_tag","embeddable":true,"href":"https:\/\/diocesisplasencia.org\/hemeroteca\/wp-json\/wp\/v2\/tags?post=3555"}],"curies":[{"name":"wp","href":"https:\/\/api.w.org\/{rel}","templated":true}]}}