{"id":3519,"date":"2016-04-20T10:23:56","date_gmt":"2016-04-20T09:23:56","guid":{"rendered":"http:\/\/www.diocesisplasencia.org\/w\/?p=3519"},"modified":"2016-04-20T10:23:56","modified_gmt":"2016-04-20T09:23:56","slug":"festival-a-beneficio-de-proyecto-hombre-extremadura-2","status":"publish","type":"post","link":"https:\/\/diocesisplasencia.org\/hemeroteca\/festival-a-beneficio-de-proyecto-hombre-extremadura-2\/","title":{"rendered":"Festival a beneficio de Proyecto Hombre Extremadura"},"content":{"rendered":"<p><a href=\"http:\/\/www.diocesisplasencia.org\/w\/wp-content\/uploads\/2015\/e6bfd2d20b16_9F92\/PROYECTO-HOMBRE.jpg\"><img fetchpriority=\"high\" decoding=\"async\" title=\"PROYECTO HOMBRE\" style=\"border-left-width: 0px; border-right-width: 0px; background-image: none; border-bottom-width: 0px; padding-top: 0px; padding-left: 0px; display: inline; padding-right: 0px; border-top-width: 0px\" border=\"0\" alt=\"PROYECTO HOMBRE\" src=\"http:\/\/www.diocesisplasencia.org\/w\/wp-content\/uploads\/2015\/e6bfd2d20b16_9F92\/PROYECTO-HOMBRE_thumb.jpg\" width=\"339\" height=\"482\"><\/a>  <\/p>\n<p>-El festival comenzar\u00e1 a las 19:30 h en el Complejo Cultural Santa Mar\u00eda de Plasencia  <\/p>\n<p>-Participar\u00e1n la Tuna Universitaria Placentina, el Grupo Flamenco de la Asociaci\u00f3n de Mujeres Rurales \u201cNorte de Extremadura\u201d y el Humorista \u201cFranquete\u201d  <\/p>\n<p>-El donativo es de 5\u20ac.<\/p>\n<p><!--more--><\/p>\n<p>El pr\u00f3ximo <b>s\u00e1bado 23 de abril de 2016 a las 19:30h<\/b>, Proyecto Hombre acoger\u00e1 de nuevo la solidaridad de tres grupos de Plasencia y C\u00e1ceres para fomentar la difusi\u00f3n de nuestra entidad, sus dispositivos de tratamiento en la provincia de C\u00e1ceres y su sostenibilidad econ\u00f3mica. En esta ocasi\u00f3n, y con la colaboraci\u00f3n de la Diputaci\u00f3n Provincial de C\u00e1ceres, el acto tendr\u00e1 lugar <b>en el Complejo Cultural Santa Mar\u00eda de Plasencia.<\/b>  <\/p>\n<p>Actuar\u00e1n&nbsp; la Tuna Universitaria Placentina, el Grupo Flamenco de la Asociaci\u00f3n de Mujeres Rurales \u201cNorte de Extremadura\u201d y el Humorista \u201cFranquete\u201d de C\u00e1ceres. El donativo es de 5\u20ac. La Fundaci\u00f3n Centro de Santa B\u00e1rbara (Di\u00f3cesis de Plasencia y Coria-C\u00e1ceres), agradece la colaboraci\u00f3n, participaci\u00f3n y difusi\u00f3n en este evento.<\/p>\n","protected":false},"excerpt":{"rendered":"<p>-El festival comenzar\u00e1 a las 19:30 h en el Complejo Cultural Santa Mar\u00eda de Plasencia -Participar\u00e1n la Tuna Universitaria Placentina, el Grupo Flamenco de la Asociaci\u00f3n de Mujeres Rurales \u201cNorte de Extremadura\u201d y el Humorista \u201cFranquete\u201d -El donativo es de 5\u20ac.<\/p>\n","protected":false},"author":1,"featured_media":0,"comment_status":"closed","ping_status":"closed","sticky":false,"template":"","format":"standard","meta":{"footnotes":""},"categories":[23],"tags":[],"_links":{"self":[{"href":"https:\/\/diocesisplasencia.org\/hemeroteca\/wp-json\/wp\/v2\/posts\/3519"}],"collection":[{"href":"https:\/\/diocesisplasencia.org\/hemeroteca\/wp-json\/wp\/v2\/posts"}],"about":[{"href":"https:\/\/diocesisplasencia.org\/hemeroteca\/wp-json\/wp\/v2\/types\/post"}],"author":[{"embeddable":true,"href":"https:\/\/diocesisplasencia.org\/hemeroteca\/wp-json\/wp\/v2\/users\/1"}],"replies":[{"embeddable":true,"href":"https:\/\/diocesisplasencia.org\/hemeroteca\/wp-json\/wp\/v2\/comments?post=3519"}],"version-history":[{"count":0,"href":"https:\/\/diocesisplasencia.org\/hemeroteca\/wp-json\/wp\/v2\/posts\/3519\/revisions"}],"wp:attachment":[{"href":"https:\/\/diocesisplasencia.org\/hemeroteca\/wp-json\/wp\/v2\/media?parent=3519"}],"wp:term":[{"taxonomy":"category","embeddable":true,"href":"https:\/\/diocesisplasencia.org\/hemeroteca\/wp-json\/wp\/v2\/categories?post=3519"},{"taxonomy":"post_tag","embeddable":true,"href":"https:\/\/diocesisplasencia.org\/hemeroteca\/wp-json\/wp\/v2\/tags?post=3519"}],"curies":[{"name":"wp","href":"https:\/\/api.w.org\/{rel}","templated":true}]}}