{"id":3486,"date":"2016-04-09T12:07:24","date_gmt":"2016-04-09T11:07:24","guid":{"rendered":"http:\/\/www.diocesisplasencia.org\/w\/?p=3486"},"modified":"2016-04-09T12:07:24","modified_gmt":"2016-04-09T11:07:24","slug":"amadeo-rodrguez-magro-obispo-electo-de-jan","status":"publish","type":"post","link":"https:\/\/diocesisplasencia.org\/hemeroteca\/amadeo-rodrguez-magro-obispo-electo-de-jan\/","title":{"rendered":"Amadeo Rodr\u00edguez Magro, obispo electo de Ja\u00e9n"},"content":{"rendered":"<p><a href=\"http:\/\/www.diocesisplasencia.org\/w\/wp-content\/uploads\/2015\/f99ce02ac2f2_B7CF\/rodriguezmagroamadeo.jpg\"><img decoding=\"async\" title=\"rodriguezmagroamadeo\" style=\"border-left-width: 0px; border-right-width: 0px; background-image: none; border-bottom-width: 0px; padding-top: 0px; padding-left: 0px; display: inline; padding-right: 0px; border-top-width: 0px\" border=\"0\" alt=\"rodriguezmagroamadeo\" src=\"http:\/\/www.diocesisplasencia.org\/w\/wp-content\/uploads\/2015\/f99ce02ac2f2_B7CF\/rodriguezmagroamadeo_thumb.jpg\" width=\"195\" height=\"244\"><\/a>  <\/p>\n<p><b><\/b> <\/p>\n<p><b><\/b> <\/p>\n<p>&#8211; <b>Nace el 12 de marzo de 1946 en la Villa de San Jorge de Alor, pedan\u00eda de la ciudad de Olivenza (Badajoz), de la que es Hijo Predilecto.<\/b> <\/p>\n<p><!--more--><\/p>\n<p><b><\/b> <\/p>\n<p>&#8211; <b>Realiza los estudios eclesi\u00e1sticos en el Seminario Menor y Mayor Diocesano de San Ant\u00f3n en Badajoz.<\/b>  <\/p>\n<p><b><\/b> <\/p>\n<p>&#8211; <b>Es ordenado sacerdote en la capilla del Seminario el 14 de Junio de 1970.<\/b>  <\/p>\n<p><b><\/b> <\/p>\n<p>&#8211; <b>Su primer destino pastoral es la parroquia de San Francisco de Sales en M\u00e9rida, en la que ser\u00e1 Vicario parroquial (1970-74) y posteriormente p\u00e1rroco (1977-83). <\/b> <\/p>\n<p><b><\/b> <\/p>\n<p>&#8211; <b>En 1974 es nombrado formador y profesor del Seminario Diocesano de Badajoz, donde permanece durante tres a\u00f1os.<\/b>  <\/p>\n<p><b><\/b> <\/p>\n<p>&#8211; <b>Durante su estancia en M\u00e9rida, ejerce como profesor en diversos centros educativos p\u00fablicos y de la Iglesia y, adem\u00e1s de su labor pastoral en su parroquia, promueve la pastoral familiar en la ciudad. <\/b> <\/p>\n<p><b><\/b> <\/p>\n<p>&#8211; <b>En 1983 es enviado a Roma, donde se licencia en la Universidad Pontificia Salesiana en Ciencias de la Educaci\u00f3n, en la especialidad de Catequ\u00e9tica.<\/b>  <\/p>\n<p><b><\/b> <\/p>\n<p>&#8211; <b>A su vuelta de Roma, en 1986, es nombrado Vicario Episcopal territorial de la Di\u00f3cesis, Vicario de Evangelizaci\u00f3n y Director del Secretariado Diocesano de Catequesis, desde donde promueve la Catequesis de Adultos, para la que preparar\u00e1 unos materiales, que ser\u00e1n publicados m\u00e1s tarde en la Editorial PPC.<\/b>  <\/p>\n<p><b><\/b> <\/p>\n<p>&#8211; <b>Hace compatibles estas responsabilidades con la de Secretario General del S\u00ednodo Pacense entre 1989 a 1993.<\/b>  <\/p>\n<p><b><\/b> <\/p>\n<p>&#8211; <b>Entre 1988 y 1996 fue profesor en la Escuela Universitaria del Profesorado de la Universidad de Extremadura, campus de Badajoz, en el Seminario Metropolitano de San Ant\u00f3n y en el Instituto de Ciencias Religiosas.<\/b>  <\/p>\n<p><b><\/b> <\/p>\n<p>&#8211; <b>En 1994 es nombrado Director del Secretariado de la entonces reci\u00e9n creada Provincia Eclesi\u00e1stica de M\u00e9rida-Badajoz, responsabilidad que ejerce hasta el a\u00f1o 2003.<\/b>  <\/p>\n<p><b><\/b> <\/p>\n<p>&#8211; <b>En 1996 es nombrado Vicario General de la Archidi\u00f3cesis de M\u00e9rida-Badajoz.<\/b>  <\/p>\n<p><b><\/b> <\/p>\n<p>&#8211; <b>Desde 1996 es can\u00f3nigo del Cabildo Metropolitano de M\u00e9rida-Badajoz, del que es elegido De\u00e1n-Presidente en el a\u00f1o 2002. <\/b> <\/p>\n<p><b><\/b> <\/p>\n<p>&#8211; <b>En Julio de 2003 es nombrado por el Santo Padre Obispo de Plasencia. Es consagrado en la Catedral placentina por el Nuncio de Su Santidad, Su Excelencia Mons. Manuel Monteiro de Castro, el d\u00eda 31 de agosto de 2003.<\/b>  <\/p>\n<p><b><\/b> <\/p>\n<p>&#8211; <b>La primera medida a llegar a la Di\u00f3cesis fue continuar el S\u00ednodo Diocesano, comenzado por su antecesor D. Carlos L\u00f3pez Hern\u00e1ndez, S\u00ednodo, que fue clausurado el 15 de Mayo de 2005, y del que emanaron unas renovadoras Constituciones sinodales.<\/b><b><\/b>  <\/p>\n<p><b><\/b> <\/p>\n<p>&#8211; <b>El d\u00eda 21 de marzo del 2004 tiene la gracia y la alegr\u00eda de solicitarle al Papa San Juan Pablo II, en una solemne ceremon\u00eda en la Plaza de San Pedro de Roma, la beatificaci\u00f3n de la extreme\u00f1a de Robledillo de la Vera, fundadora de las Hijas de Mar\u00eda Madre de la Iglesia, Madre Matilde del Sagrado Coraz\u00f3n de Jes\u00fas. <\/b> <\/p>\n<p><b><\/b> <\/p>\n<p>&#8211; <b>A lo largo de los a\u00f1os de ministerio episcopal, Don Amadeo ha desarrollado una intensa labor de animaci\u00f3n de la vida pastoral en todos sus \u00e1mbitos: reforma de la curia, del cabildo catedral, de las instituciones diocesanas de consulta, de la pastoral juvenil y vocacional, iniciaci\u00f3n cristiana, c\u00e1ritas y acci\u00f3n social en general, etc. Se ha cultivado la participaci\u00f3n y la corresponsabilidad, as\u00ed como la formaci\u00f3n de los laicos; se ha ocupado de la integraci\u00f3n de la vida religiosa en la di\u00f3cesis. De un modo especial se ha ocupado de incorporar nuevas congregaciones religiosas, entre las que destaca la de la Orden de San Pablo Primer Eremita en el Monasterio de Yuste. <\/b><b><\/b> <\/p>\n<p><b><\/b> <\/p>\n<p>&#8211; <b>Durante los doce a\u00f1os como obispo de Plasencia ha podido ordenar Don Amadeo a catorce nuevos sacerdotes, formados en nuestro Seminario Diocesano de Plasencia.<\/b><b><\/b>  <\/p>\n<p><b><\/b> <\/p>\n<p>&#8211; <b>Se han realizado importantes reformas materiales en las dos catedrales, en el palacio episcopal, en restauraci\u00f3n y construcci\u00f3n de parroquias y, de un modo especial, la reforma en el edificio del seminario diocesano. Acaba de inaugurarse la Primera fase del Museo Catedralicio, la reforma y traslado de los archivos diocesano y catedralicio a un mismo edificio. <\/b><b><\/b> <\/p>\n<p><b><\/b> <\/p>\n<p>&#8211; <b>Tambi\u00e9n se han publicado importantes obras sobre la historia y el patrimonio de la Di\u00f3cesis, de las que hay que destacar el Episcopologio y la Historia de la Di\u00f3cesis, de las que es autor el sacerdote diocesano, el can\u00f3nigo Don Francisco Gonz\u00e1lez Cuesta. <\/b><b><\/b> <\/p>\n<p><b><\/b> <\/p>\n<p>&#8211; <b>Durante los a\u00f1os de episcopado de Don Amadeo la Di\u00f3cesis de Plasencia ha secundado con sumo inter\u00e9s las iniciativas pastorales de la Santa Sede, sobre todo el A\u00f1o sacerdotal y el A\u00f1o de la Fe. <\/b><b><\/b> <\/p>\n<p><b><\/b> <\/p>\n<p>&#8211; <b>Otra iniciativa diocesana a destacar ha sido la celebraci\u00f3n del A\u00f1o Jubilar Berzocaniego, que por concesi\u00f3n del Papa Benedicto XVI tuvo lugar desde el d\u00eda 3 de octubre de 2009 al 26 de octubre de 2010. De este modo se conmemoraba el cuatrocientos aniversario de la traslaci\u00f3n de las sagradas reliquias de los Santos Fulgencio y Florentina <\/b><b>al espl\u00e9ndido mausoleo-relicario, que el pueblo de Berzocana levant\u00f3 para sus Santos, y que tuvo lugar el 3 de octubre de 1610.<\/b> <b><\/b><b><\/b> <\/p>\n<p><b><\/b> <\/p>\n<p>&#8211; <b>En los \u00faltimos tiempos la Di\u00f3cesis de Plasencia est\u00e1 inmersa en un empe\u00f1o singular: la Misi\u00f3n Diocesana Evangelizadora, que tiene como lema: <i>\u201cCada parroquia una misi\u00f3n. Cada cristiano un misionero\u201d.<\/i> Todas las parroquias han vivido un proceso, que les ha llevado del discipulado a la misi\u00f3n. Este itinerario misionero se est\u00e1 culminando con una intensa celebraci\u00f3n del A\u00f1o Jubilar de la Misericordia, convocado por el Papa Francisco. <\/b><b><\/b> <\/p>\n<p><b><\/b> <\/p>\n<p>&#8211; <b>En su servicio pastoral ha escrito diversas cartas pastorales y ha mantenido una colaboraci\u00f3n asidua en Iglesia en Plasencia y en otras publicaciones, en las que suele colaborar con <\/b><b>numerosos art\u00edculos sobre temas de catequesis y de pastorales<\/b><b>. Participa tambi\u00e9n asiduamente con conferencias sobre distintos temas en jornadas y encuentros, colaborando de este modo con diversas di\u00f3cesis de Espa\u00f1a y Portugal<\/b><b><\/b>  <\/p>\n<p><b><\/b> <\/p>\n<p>&#8211; <b>En la Conferencia Episcopal, ha colaborado como sacerdote y, sobre todo, como obispo, en su condici\u00f3n de catequeta. Durante muchos a\u00f1os ha sido miembro del Consejo Asesor de catequesis de la Conferencia Episcopal Espa\u00f1ola. Desde su nombramiento como Obispo de Plasencia ha sido miembro de la Subcomisi\u00f3n Episcopal de Catequesis y de la Comisi\u00f3n de Misiones. En la actualidad es Presidente de la Subomisi\u00f3n Episcopal de Catequesis. <\/b><\/p>\n","protected":false},"excerpt":{"rendered":"<p>&#8211; Nace el 12 de marzo de 1946 en la Villa de San Jorge de Alor, pedan\u00eda de la ciudad de Olivenza (Badajoz), de la que es Hijo Predilecto.<\/p>\n","protected":false},"author":1,"featured_media":0,"comment_status":"closed","ping_status":"closed","sticky":false,"template":"","format":"standard","meta":{"footnotes":""},"categories":[23],"tags":[],"_links":{"self":[{"href":"https:\/\/diocesisplasencia.org\/hemeroteca\/wp-json\/wp\/v2\/posts\/3486"}],"collection":[{"href":"https:\/\/diocesisplasencia.org\/hemeroteca\/wp-json\/wp\/v2\/posts"}],"about":[{"href":"https:\/\/diocesisplasencia.org\/hemeroteca\/wp-json\/wp\/v2\/types\/post"}],"author":[{"embeddable":true,"href":"https:\/\/diocesisplasencia.org\/hemeroteca\/wp-json\/wp\/v2\/users\/1"}],"replies":[{"embeddable":true,"href":"https:\/\/diocesisplasencia.org\/hemeroteca\/wp-json\/wp\/v2\/comments?post=3486"}],"version-history":[{"count":0,"href":"https:\/\/diocesisplasencia.org\/hemeroteca\/wp-json\/wp\/v2\/posts\/3486\/revisions"}],"wp:attachment":[{"href":"https:\/\/diocesisplasencia.org\/hemeroteca\/wp-json\/wp\/v2\/media?parent=3486"}],"wp:term":[{"taxonomy":"category","embeddable":true,"href":"https:\/\/diocesisplasencia.org\/hemeroteca\/wp-json\/wp\/v2\/categories?post=3486"},{"taxonomy":"post_tag","embeddable":true,"href":"https:\/\/diocesisplasencia.org\/hemeroteca\/wp-json\/wp\/v2\/tags?post=3486"}],"curies":[{"name":"wp","href":"https:\/\/api.w.org\/{rel}","templated":true}]}}