{"id":3484,"date":"2016-04-09T12:04:28","date_gmt":"2016-04-09T11:04:28","guid":{"rendered":"http:\/\/www.diocesisplasencia.org\/w\/?p=3484"},"modified":"2016-04-09T12:04:28","modified_gmt":"2016-04-09T11:04:28","slug":"carta-a-los-sacerdotes-de-la-dicesis-de-plasencia","status":"publish","type":"post","link":"https:\/\/diocesisplasencia.org\/hemeroteca\/carta-a-los-sacerdotes-de-la-dicesis-de-plasencia\/","title":{"rendered":"Carta a los sacerdotes de la di\u00f3cesis de Plasencia"},"content":{"rendered":"<p><a href=\"http:\/\/www.diocesisplasencia.org\/w\/wp-content\/uploads\/2015\/Carta-a-los-sacerdotes-de-la-dicesis-de-_B70F\/64924_16032016.jpg\"><img fetchpriority=\"high\" decoding=\"async\" title=\"64924_16032016\" style=\"border-left-width: 0px; border-right-width: 0px; background-image: none; border-bottom-width: 0px; padding-top: 0px; padding-left: 0px; display: inline; padding-right: 0px; border-top-width: 0px\" border=\"0\" alt=\"64924_16032016\" src=\"http:\/\/www.diocesisplasencia.org\/w\/wp-content\/uploads\/2015\/Carta-a-los-sacerdotes-de-la-dicesis-de-_B70F\/64924_16032016_thumb.jpg\" width=\"425\" height=\"283\"><\/a><\/p>\n<p><b>+ Amadeo Rodr\u00edguez Magro<\/b>  <\/p>\n<p><b>Obispo electo de Ja\u00e9n<\/b>  <\/p>\n<p><b>Administrador Diocesano de Plasencia <\/b> <\/p>\n<p><i>Plasencia, 9 de abril de 2016<\/i>  <\/p>\n<p><b>CARTA A LOS SACERDOTES<\/b>  <\/p>\n<p>Hermanos sacerdotes:  <\/p>\n<p>Os supongo a todos informados de la noticia: el Santo Padre Francisco me ha nombrado, en el d\u00eda de hoy, Obispo de Ja\u00e9n y, hasta mi toma de posesi\u00f3n vuestro Administrador Apost\u00f3lico. <\/p>\n<p><!--more--><\/p>\n<p>Con esta breve carta, adem\u00e1s de comunicaros personalmente este hecho, quiero tambi\u00e9n pediros que se lo hag\u00e1is llegar a los fieles en las misas de de este Tercer domingo de Pascua y, si no fuera posible, en el Cuarto. No importa que ya consider\u00e9is que est\u00e1n informados por los Medios de Comunicaci\u00f3n. Como este es un anuncio eclesial-familiar deben conocerlo a trav\u00e9s de vosotros y en un contexto comunitario.  <\/p>\n<p>Si me lo permit\u00eds, os recomendar\u00eda que, con ocasi\u00f3n de este anuncio, hicierais una breve catequesis sobre el obispo, su misi\u00f3n y sobre la vinculaci\u00f3n del presbiterio y de los fieles con \u00e9l. Es tambi\u00e9n una buena ocasi\u00f3n para cultivar el sentido de pertenencia a la Iglesia diocesana.  <\/p>\n<p>Encarecidamente os pido tambi\u00e9n que elev\u00e9is oraciones por este nuevo ministerio que el Papa me encomienda. Me gustar\u00eda salir de la Di\u00f3cesis de Plasencia y entrar en la de Ja\u00e9n, acompa\u00f1ado por vuestra oraci\u00f3n. Recomendad a los fieles que recen por m\u00ed. Decidle de mi parte que vuestra oraci\u00f3n me fortalece. Recomendadle tambi\u00e9n que recen tambi\u00e9n por el Obispo que el Santo Padre va a enviar a la Di\u00f3cesis de Plasencia.  <\/p>\n<p>Como os preguntar\u00e1n m\u00e1s detalles, tiempo habr\u00e1 para concretarlos. Lo que s\u00ed le pod\u00e9is decir es la fecha de toma de posesi\u00f3n en la Catedral de Ja\u00e9n, que ser\u00e1, D.m.. el d\u00eda 28 de mayo.  <\/p>\n<p>Con mi afecto fraterno.  <\/p>\n<p><a href=\"http:\/\/www.diocesisplasencia.org\/w\/wp-content\/uploads\/2015\/Carta-a-los-sacerdotes-de-la-dicesis-de-_B70F\/clip_image001.jpg\"><img decoding=\"async\" title=\"clip_image001\" style=\"border-left-width: 0px; border-right-width: 0px; background-image: none; border-bottom-width: 0px; padding-top: 0px; padding-left: 0px; display: inline; padding-right: 0px; border-top-width: 0px\" border=\"0\" alt=\"clip_image001\" src=\"http:\/\/www.diocesisplasencia.org\/w\/wp-content\/uploads\/2015\/Carta-a-los-sacerdotes-de-la-dicesis-de-_B70F\/clip_image001_thumb.jpg\" width=\"244\" height=\"96\"><\/a>  <\/p>\n<p>Administrador Diocesano de Plasencia<\/p>\n","protected":false},"excerpt":{"rendered":"<p>+ Amadeo Rodr\u00edguez Magro Obispo electo de Ja\u00e9n Administrador Diocesano de Plasencia Plasencia, 9 de abril de 2016 CARTA A LOS SACERDOTES Hermanos sacerdotes: Os supongo a todos informados de la noticia: el Santo Padre Francisco me ha nombrado, en el d\u00eda de hoy, Obispo&#8230;<\/p>\n","protected":false},"author":1,"featured_media":0,"comment_status":"closed","ping_status":"closed","sticky":false,"template":"","format":"standard","meta":{"footnotes":""},"categories":[23],"tags":[],"_links":{"self":[{"href":"https:\/\/diocesisplasencia.org\/hemeroteca\/wp-json\/wp\/v2\/posts\/3484"}],"collection":[{"href":"https:\/\/diocesisplasencia.org\/hemeroteca\/wp-json\/wp\/v2\/posts"}],"about":[{"href":"https:\/\/diocesisplasencia.org\/hemeroteca\/wp-json\/wp\/v2\/types\/post"}],"author":[{"embeddable":true,"href":"https:\/\/diocesisplasencia.org\/hemeroteca\/wp-json\/wp\/v2\/users\/1"}],"replies":[{"embeddable":true,"href":"https:\/\/diocesisplasencia.org\/hemeroteca\/wp-json\/wp\/v2\/comments?post=3484"}],"version-history":[{"count":0,"href":"https:\/\/diocesisplasencia.org\/hemeroteca\/wp-json\/wp\/v2\/posts\/3484\/revisions"}],"wp:attachment":[{"href":"https:\/\/diocesisplasencia.org\/hemeroteca\/wp-json\/wp\/v2\/media?parent=3484"}],"wp:term":[{"taxonomy":"category","embeddable":true,"href":"https:\/\/diocesisplasencia.org\/hemeroteca\/wp-json\/wp\/v2\/categories?post=3484"},{"taxonomy":"post_tag","embeddable":true,"href":"https:\/\/diocesisplasencia.org\/hemeroteca\/wp-json\/wp\/v2\/tags?post=3484"}],"curies":[{"name":"wp","href":"https:\/\/api.w.org\/{rel}","templated":true}]}}