{"id":3478,"date":"2016-04-09T11:38:11","date_gmt":"2016-04-09T10:38:11","guid":{"rendered":"http:\/\/www.diocesisplasencia.org\/w\/?p=3478"},"modified":"2016-04-09T11:38:11","modified_gmt":"2016-04-09T10:38:11","slug":"monseor-amadeo-rodrguez-magro-nuevo-obispo-de-jan","status":"publish","type":"post","link":"https:\/\/diocesisplasencia.org\/hemeroteca\/monseor-amadeo-rodrguez-magro-nuevo-obispo-de-jan\/","title":{"rendered":"Mons. Amadeo Rodr\u00edguez Magro, nuevo obispo de Ja\u00e9n"},"content":{"rendered":"<p>&nbsp;<\/p>\n<p><a href=\"http:\/\/www.diocesisplasencia.org\/w\/wp-content\/uploads\/2015\/Don-Amadeo-ha-sido-nombrado-Obispo-de-Ja_A36E\/rodriguezmagroamadeo.jpg\"><img fetchpriority=\"high\" decoding=\"async\" title=\"rodriguezmagroamadeo\" style=\"border-left-width: 0px; border-right-width: 0px; background-image: none; border-bottom-width: 0px; padding-top: 0px; padding-left: 0px; display: inline; padding-right: 0px; border-top-width: 0px\" border=\"0\" alt=\"rodriguezmagroamadeo\" src=\"http:\/\/www.diocesisplasencia.org\/w\/wp-content\/uploads\/2015\/Don-Amadeo-ha-sido-nombrado-Obispo-de-Ja_A36E\/rodriguezmagroamadeo_thumb.jpg\" width=\"427\" height=\"536\"><\/a><\/p>\n<p>&nbsp; <\/p>\n<h4>&nbsp;<\/h4>\n<p>La Santa Sede ha hecho p\u00fablico, a las 12.00 h. de hoy,&nbsp; s\u00e1bado 9 de abril,&nbsp; que el papa <strong>Francisco<\/strong> ha nombrado a Mons. <strong>Amadeo Rodr\u00edguez Magro<\/strong> obispo de la di\u00f3cesis de Ja\u00e9n. El Santo Padre ha aceptado la renuncia al gobierno pastoral de esta di\u00f3cesis presentada por Mons. <strong>Ram\u00f3n del Hoyo L\u00f3pez<\/strong>, conforme al canon 401, p\u00e1rrafo 1, del C\u00f3digo de Derecho Can\u00f3nico.<\/p>\n<p><!--more--><\/p>\n<p>Mons. <strong>del Hoyo<\/strong> continuar\u00e1 gobernando la di\u00f3cesis, en calidad de administrador apost\u00f3lico, hasta la toma de posesi\u00f3n de su sucesor. Mons. <strong>Rodr\u00edguez Magro<\/strong> es en la actualidad obispo de Plasencia. As\u00ed lo ha comunicado la Nunciatura Apost\u00f3lica a la Conferencia Episcopal Espa\u00f1ola.<br \/><strong>Mons. Rodr\u00edguez Magro, obipos de Plasencia desde 2003<\/strong><br \/><strong>Mons. Amadeo Rodr\u00edguez Magro<\/strong> naci\u00f3 en San Jorge de Alor (Badajoz) el 12 de marzo de 1946. Estudi\u00f3 en el seminario diocesano de Badajoz y logr\u00f3 la licenciatura en Ciencias de la Educaci\u00f3n (secci\u00f3n Catequ\u00e9tica) en la Universidad Pontificia Salesiana de Roma. Recibi\u00f3 la ordenaci\u00f3n sacerdotal el 14 de junio de 1970.  <\/p>\n<p>Su ministerio sacerdotal lo desarroll\u00f3 en la di\u00f3cesis de M\u00e9rida-Badajoz: coadjutor de la parroquia San Francisco de Sales de M\u00e9rida (1970-1974) y p\u00e1rroco (1977-1983); director del secretariado diocesano de Catequesis (1986-1997); vicario episcopal de Evangelizaci\u00f3n y Territorial (1986-1997); y vicario general (1996-2003). Adem\u00e1s fue secretario general del S\u00ednodo Pacense (1988-1992) y secretario de la Provincia Eclesi\u00e1stica de M\u00e9rida-Badajoz (1994-2003). En 1996 fue nombrado can\u00f3nigo de la Catedral de Badajoz, cuyo cabildo presidi\u00f3 desde 2002 a 2003.  <\/p>\n<p>Tambi\u00e9n fue profesor en el seminario y en el centro de estudios Teol\u00f3gicos (1986-2003), en la escuela diocesana de Teolog\u00eda para Laicos (1986-2003) y de Doctrina Cat\u00f3lica y su Pedagog\u00eda (1987-2003) en la universidad de Extremadura. Fue miembro del consejo asesor de la Subcomisi\u00f3n Episcopal de Catequesis de la CEE.  <\/p>\n<p>El 3 de julio de 2003 <strong>Juan Pablo II<\/strong> le nombra obispo de Plasencia y recibe la consagraci\u00f3n episcopal el 31 de agosto de 2003.  <\/p>\n<p>En la CEE es el vicepresidente de la Comisi\u00f3n Episcopal de Ense\u00f1anza y Catequesis y presidente de la Subcomisi\u00f3n Episcopal de Catequesis desde 2014, de la que ya era miembro desde 2003. Tambi\u00e9n ha formado parte de la Comisi\u00f3n Episcopal de Misiones y Cooperaci\u00f3n entre las Iglesias de 2005 a 2011.<\/p>\n","protected":false},"excerpt":{"rendered":"<p>&nbsp; &nbsp; &nbsp; La Santa Sede ha hecho p\u00fablico, a las 12.00 h. de hoy,&nbsp; s\u00e1bado 9 de abril,&nbsp; que el papa Francisco ha nombrado a Mons. Amadeo Rodr\u00edguez Magro obispo de la di\u00f3cesis de Ja\u00e9n. El Santo Padre ha aceptado la renuncia al gobierno&#8230;<\/p>\n","protected":false},"author":1,"featured_media":0,"comment_status":"closed","ping_status":"closed","sticky":false,"template":"","format":"standard","meta":{"footnotes":""},"categories":[23],"tags":[],"_links":{"self":[{"href":"https:\/\/diocesisplasencia.org\/hemeroteca\/wp-json\/wp\/v2\/posts\/3478"}],"collection":[{"href":"https:\/\/diocesisplasencia.org\/hemeroteca\/wp-json\/wp\/v2\/posts"}],"about":[{"href":"https:\/\/diocesisplasencia.org\/hemeroteca\/wp-json\/wp\/v2\/types\/post"}],"author":[{"embeddable":true,"href":"https:\/\/diocesisplasencia.org\/hemeroteca\/wp-json\/wp\/v2\/users\/1"}],"replies":[{"embeddable":true,"href":"https:\/\/diocesisplasencia.org\/hemeroteca\/wp-json\/wp\/v2\/comments?post=3478"}],"version-history":[{"count":0,"href":"https:\/\/diocesisplasencia.org\/hemeroteca\/wp-json\/wp\/v2\/posts\/3478\/revisions"}],"wp:attachment":[{"href":"https:\/\/diocesisplasencia.org\/hemeroteca\/wp-json\/wp\/v2\/media?parent=3478"}],"wp:term":[{"taxonomy":"category","embeddable":true,"href":"https:\/\/diocesisplasencia.org\/hemeroteca\/wp-json\/wp\/v2\/categories?post=3478"},{"taxonomy":"post_tag","embeddable":true,"href":"https:\/\/diocesisplasencia.org\/hemeroteca\/wp-json\/wp\/v2\/tags?post=3478"}],"curies":[{"name":"wp","href":"https:\/\/api.w.org\/{rel}","templated":true}]}}