{"id":3468,"date":"2016-04-08T10:44:30","date_gmt":"2016-04-08T09:44:30","guid":{"rendered":"http:\/\/www.diocesisplasencia.org\/w\/?p=3468"},"modified":"2016-04-08T10:44:30","modified_gmt":"2016-04-08T09:44:30","slug":"alrededor-de-1000-nios-en-el-jubileo-de-maana","status":"publish","type":"post","link":"https:\/\/diocesisplasencia.org\/hemeroteca\/alrededor-de-1000-nios-en-el-jubileo-de-maana\/","title":{"rendered":"Alrededor de 1000 ni\u00f1os en el Jubileo de ma\u00f1ana"},"content":{"rendered":"<p><a href=\"http:\/\/www.diocesisplasencia.org\/w\/wp-content\/uploads\/2015\/Alrededor-de-1_A31C\/IMG_3500.jpg\"><img fetchpriority=\"high\" decoding=\"async\" title=\"IMG_3500\" style=\"border-left-width: 0px; border-right-width: 0px; background-image: none; border-bottom-width: 0px; padding-top: 0px; padding-left: 0px; display: inline; padding-right: 0px; border-top-width: 0px\" border=\"0\" alt=\"IMG_3500\" src=\"http:\/\/www.diocesisplasencia.org\/w\/wp-content\/uploads\/2015\/Alrededor-de-1_A31C\/IMG_3500_thumb.jpg\" width=\"457\" height=\"306\"><\/a><\/p>\n<p align=\"right\"><font size=\"1\"><em>Foto de archivo: Encuentro del obispo con los ni\u00f1os en Navidad.<\/em><\/font><\/p>\n<p>Ma\u00f1ana s\u00e1bado&nbsp; 9 de abril tendr\u00e1 lugar el Jubileo de los Ni\u00f1os en la ciudad de Plasencia. Se prev\u00e9 que a la cita acudan alrededor de 1000 ni\u00f1os de toda la Di\u00f3cesis. Una jornada festiva y de oraci\u00f3n para ser \u201cMisericordiosos como el padre\u201d.<\/p>\n<p><!--more--><\/p>\n<p>Programa de actividades:  <\/p>\n<p>10.30 h Acogida en el colegio de La Salle (juegos de bienvenida y catequesis).<br \/>11.30 h Procesi\u00f3n a la catedral.<br \/>12.00 h Misa presidida por el Se\u00f1or Obispo.<br \/>13.30 h Comida en el parque de La Isla.<br \/>15.00 h Ginkana Obras de Misericordia.<br \/>16.45 h Oraci\u00f3n y despedida.<\/p>\n","protected":false},"excerpt":{"rendered":"<p>Foto de archivo: Encuentro del obispo con los ni\u00f1os en Navidad. Ma\u00f1ana s\u00e1bado&nbsp; 9 de abril tendr\u00e1 lugar el Jubileo de los Ni\u00f1os en la ciudad de Plasencia. Se prev\u00e9 que a la cita acudan alrededor de 1000 ni\u00f1os de toda la Di\u00f3cesis. Una jornada&#8230;<\/p>\n","protected":false},"author":1,"featured_media":0,"comment_status":"closed","ping_status":"closed","sticky":false,"template":"","format":"standard","meta":{"footnotes":""},"categories":[23],"tags":[],"_links":{"self":[{"href":"https:\/\/diocesisplasencia.org\/hemeroteca\/wp-json\/wp\/v2\/posts\/3468"}],"collection":[{"href":"https:\/\/diocesisplasencia.org\/hemeroteca\/wp-json\/wp\/v2\/posts"}],"about":[{"href":"https:\/\/diocesisplasencia.org\/hemeroteca\/wp-json\/wp\/v2\/types\/post"}],"author":[{"embeddable":true,"href":"https:\/\/diocesisplasencia.org\/hemeroteca\/wp-json\/wp\/v2\/users\/1"}],"replies":[{"embeddable":true,"href":"https:\/\/diocesisplasencia.org\/hemeroteca\/wp-json\/wp\/v2\/comments?post=3468"}],"version-history":[{"count":0,"href":"https:\/\/diocesisplasencia.org\/hemeroteca\/wp-json\/wp\/v2\/posts\/3468\/revisions"}],"wp:attachment":[{"href":"https:\/\/diocesisplasencia.org\/hemeroteca\/wp-json\/wp\/v2\/media?parent=3468"}],"wp:term":[{"taxonomy":"category","embeddable":true,"href":"https:\/\/diocesisplasencia.org\/hemeroteca\/wp-json\/wp\/v2\/categories?post=3468"},{"taxonomy":"post_tag","embeddable":true,"href":"https:\/\/diocesisplasencia.org\/hemeroteca\/wp-json\/wp\/v2\/tags?post=3468"}],"curies":[{"name":"wp","href":"https:\/\/api.w.org\/{rel}","templated":true}]}}