{"id":3439,"date":"2016-03-18T11:00:48","date_gmt":"2016-03-18T10:00:48","guid":{"rendered":"http:\/\/www.diocesisplasencia.org\/w\/?p=3439"},"modified":"2016-03-18T11:00:48","modified_gmt":"2016-03-18T10:00:48","slug":"horarios-de-semana-santa-en-la-s-i-catedral","status":"publish","type":"post","link":"https:\/\/diocesisplasencia.org\/hemeroteca\/horarios-de-semana-santa-en-la-s-i-catedral\/","title":{"rendered":"Horarios de Semana Santa en la S.I. Catedral"},"content":{"rendered":"<p><a href=\"http:\/\/www.diocesisplasencia.org\/w\/wp-content\/uploads\/2015\/Horarios-de-Semana-Santa-en-la.-Catedral_9846\/1915338_643795989092053_8589710163086020693_n.jpg\"><img fetchpriority=\"high\" decoding=\"async\" style=\"background-image: none; padding-top: 0px; padding-left: 0px; display: inline; padding-right: 0px; border-width: 0px;\" title=\"1915338_643795989092053_8589710163086020693_n\" alt=\"1915338_643795989092053_8589710163086020693_n\" src=\"http:\/\/www.diocesisplasencia.org\/w\/wp-content\/uploads\/2015\/Horarios-de-Semana-Santa-en-la.-Catedral_9846\/1915338_643795989092053_8589710163086020693_n_thumb.jpg\" width=\"390\" height=\"542\" border=\"0\" \/><\/a><\/p>\n<p><!--more--><strong>DOMINGO DE RAMOS<\/strong><br \/>\n&#8211; Misas a las 9 y a las 12.<br \/>\n&#8211; La de 12 ser\u00e1 presidida por el Se\u00f1or Obispo e ir\u00e1 precedida de la bendici\u00f3n de los ramos. A continuaci\u00f3n la procesi\u00f3n con la imagen de Jes\u00fas entrando en Jerusal\u00e9n sobre una borriquilla.<\/p>\n<p><strong>MI\u00c9RCOLES SANTO<\/strong><br \/>\n&#8211; A las 12 Misa Crismal presidida por el Obispo. Bendici\u00f3n de los \u00f3leos y renovaci\u00f3n de las promesas sacerdotales. Tambi\u00e9n se celebra el Jubileo de los Sacerdotes de toda la Di\u00f3cesis y las Bodas de oro y plata sacerdotales.<\/p>\n<p><strong>JUEVES SANTO<\/strong><br \/>\n&#8211; A las 7 de la tarde, misa de la Cena del Se\u00f1or, presidida por el Obispo. Traslado del Sant\u00edsimo Sacramento al monumento.<\/p>\n<p><strong>VIERNES SANTO<\/strong><br \/>\n&#8211; Adoraci\u00f3n al Sant\u00edsimo durante todo el d\u00eda.<br \/>\n&#8211; A las siete de la tarde celebraci\u00f3n de la Muerte de Jes\u00fas, presidida por el Obispo.<\/p>\n<p><strong>S\u00c1BADO SANTO<\/strong><br \/>\n&#8211; A las 11.30 de la noche Solemne Vigilia Pascual presidida por el Obispo.<\/p>\n<p><strong>DOMINGO DE RESURRECCI\u00d3N<\/strong><br \/>\n&#8211; Misa a las 9 y a las 12.<br \/>\n&#8211; La de 12 ser\u00e1 presidida por el Obispo e impartir\u00e1 la Bendici\u00f3n Papal con indulgencia plenaria.<\/p>\n","protected":false},"excerpt":{"rendered":"DOMINGO DE RAMOS - Misas a las 9 y a las 12. - La de 12 ser\u00e1 presidida por el Se\u00f1or Obispo e ir\u00e1 precedida de la bendici\u00f3n de los ramos. A continuaci\u00f3n la procesi\u00f3n con la imagen de Jes\u00fas entrando en Jerusal\u00e9n sobre una...","protected":false},"author":1,"featured_media":0,"comment_status":"closed","ping_status":"closed","sticky":false,"template":"","format":"standard","meta":{"footnotes":""},"categories":[23],"tags":[],"_links":{"self":[{"href":"https:\/\/diocesisplasencia.org\/hemeroteca\/wp-json\/wp\/v2\/posts\/3439"}],"collection":[{"href":"https:\/\/diocesisplasencia.org\/hemeroteca\/wp-json\/wp\/v2\/posts"}],"about":[{"href":"https:\/\/diocesisplasencia.org\/hemeroteca\/wp-json\/wp\/v2\/types\/post"}],"author":[{"embeddable":true,"href":"https:\/\/diocesisplasencia.org\/hemeroteca\/wp-json\/wp\/v2\/users\/1"}],"replies":[{"embeddable":true,"href":"https:\/\/diocesisplasencia.org\/hemeroteca\/wp-json\/wp\/v2\/comments?post=3439"}],"version-history":[{"count":0,"href":"https:\/\/diocesisplasencia.org\/hemeroteca\/wp-json\/wp\/v2\/posts\/3439\/revisions"}],"wp:attachment":[{"href":"https:\/\/diocesisplasencia.org\/hemeroteca\/wp-json\/wp\/v2\/media?parent=3439"}],"wp:term":[{"taxonomy":"category","embeddable":true,"href":"https:\/\/diocesisplasencia.org\/hemeroteca\/wp-json\/wp\/v2\/categories?post=3439"},{"taxonomy":"post_tag","embeddable":true,"href":"https:\/\/diocesisplasencia.org\/hemeroteca\/wp-json\/wp\/v2\/tags?post=3439"}],"curies":[{"name":"wp","href":"https:\/\/api.w.org\/{rel}","templated":true}]}}