{"id":3417,"date":"2016-03-07T12:49:07","date_gmt":"2016-03-07T11:49:07","guid":{"rendered":"http:\/\/www.diocesisplasencia.org\/w\/?p=3417"},"modified":"2016-03-07T12:49:07","modified_gmt":"2016-03-07T11:49:07","slug":"jubileo-de-los-jvenes","status":"publish","type":"post","link":"https:\/\/diocesisplasencia.org\/hemeroteca\/jubileo-de-los-jvenes\/","title":{"rendered":"Jubileo de los J\u00f3venes"},"content":{"rendered":"<p>&nbsp;<\/p>\n<p><a href=\"http:\/\/www.diocesisplasencia.org\/w\/wp-content\/uploads\/2015\/bc8ba7e77afd_B2DD\/CcfkEM3WAAURTGm.jpg-large.jpg\"><img fetchpriority=\"high\" decoding=\"async\" title=\"CcfkEM3WAAURTGm.jpg large\" style=\"border-left-width: 0px; border-right-width: 0px; background-image: none; border-bottom-width: 0px; padding-top: 0px; padding-left: 0px; display: inline; padding-right: 0px; border-top-width: 0px\" border=\"0\" alt=\"CcfkEM3WAAURTGm.jpg large\" src=\"http:\/\/www.diocesisplasencia.org\/w\/wp-content\/uploads\/2015\/bc8ba7e77afd_B2DD\/CcfkEM3WAAURTGm.jpg-large_thumb.jpg\" width=\"447\" height=\"303\"><\/a><\/p>\n<p>&nbsp;<\/p>\n<p><!--more--><\/p>\n<p><strong>Programa<\/strong><\/p>\n<p>10.30-11.00 Acogida de Peregrinos.<\/p>\n<p>11.00-11.45 Presentaci\u00f3n del Jubileo y espacio para la reconciliaci\u00f3n.<\/p>\n<p>12.00 Celebraci\u00f3n del env\u00edo y peregrinaci\u00f3n a la Puerta Santa. <\/p>\n<p>12.30 Eucarist\u00eda en la Santa Iglesia Catedral de Plasencia.<\/p>\n<p>14.00-15.30 Comida.<\/p>\n<p>15.30 Festival-Testimonios.<\/p>\n<p>16.30 Despedida.<\/p>\n<p>Todos los actos tendr\u00e1n lugar en el Seminario Diocesano.<\/p>\n","protected":false},"excerpt":{"rendered":"<p>&nbsp; &nbsp;<\/p>\n","protected":false},"author":1,"featured_media":0,"comment_status":"closed","ping_status":"closed","sticky":false,"template":"","format":"standard","meta":{"footnotes":""},"categories":[23],"tags":[],"_links":{"self":[{"href":"https:\/\/diocesisplasencia.org\/hemeroteca\/wp-json\/wp\/v2\/posts\/3417"}],"collection":[{"href":"https:\/\/diocesisplasencia.org\/hemeroteca\/wp-json\/wp\/v2\/posts"}],"about":[{"href":"https:\/\/diocesisplasencia.org\/hemeroteca\/wp-json\/wp\/v2\/types\/post"}],"author":[{"embeddable":true,"href":"https:\/\/diocesisplasencia.org\/hemeroteca\/wp-json\/wp\/v2\/users\/1"}],"replies":[{"embeddable":true,"href":"https:\/\/diocesisplasencia.org\/hemeroteca\/wp-json\/wp\/v2\/comments?post=3417"}],"version-history":[{"count":0,"href":"https:\/\/diocesisplasencia.org\/hemeroteca\/wp-json\/wp\/v2\/posts\/3417\/revisions"}],"wp:attachment":[{"href":"https:\/\/diocesisplasencia.org\/hemeroteca\/wp-json\/wp\/v2\/media?parent=3417"}],"wp:term":[{"taxonomy":"category","embeddable":true,"href":"https:\/\/diocesisplasencia.org\/hemeroteca\/wp-json\/wp\/v2\/categories?post=3417"},{"taxonomy":"post_tag","embeddable":true,"href":"https:\/\/diocesisplasencia.org\/hemeroteca\/wp-json\/wp\/v2\/tags?post=3417"}],"curies":[{"name":"wp","href":"https:\/\/api.w.org\/{rel}","templated":true}]}}