{"id":3389,"date":"2016-02-19T11:54:21","date_gmt":"2016-02-19T10:54:21","guid":{"rendered":"http:\/\/www.diocesisplasencia.org\/w\/?p=3389"},"modified":"2016-02-19T11:54:21","modified_gmt":"2016-02-19T10:54:21","slug":"primera-semana-de-cine-espiritual-en-plasencia","status":"publish","type":"post","link":"https:\/\/diocesisplasencia.org\/hemeroteca\/primera-semana-de-cine-espiritual-en-plasencia\/","title":{"rendered":"Primera Semana de Cine Espiritual en Plasencia"},"content":{"rendered":"<p><a href=\"http:\/\/www.diocesisplasencia.org\/w\/wp-content\/uploads\/2015\/Primera-Semana-de-Cine-Espiritual-en-Pla_99D6\/Cartel-Definitivo1.jpg\"><img fetchpriority=\"high\" decoding=\"async\" title=\"Cartel Definitivo1\" style=\"border-left-width: 0px; border-right-width: 0px; background-image: none; border-bottom-width: 0px; padding-top: 0px; padding-left: 0px; display: inline; padding-right: 0px; border-top-width: 0px\" border=\"0\" alt=\"Cartel Definitivo1\" src=\"http:\/\/www.diocesisplasencia.org\/w\/wp-content\/uploads\/2015\/Primera-Semana-de-Cine-Espiritual-en-Pla_99D6\/Cartel-Definitivo1_thumb.jpg\" width=\"460\" height=\"327\"><\/a><\/p>\n<p>En la ma\u00f1ana de hoy viernes 19 de febrero, en el Obispado de Plasencia, se ha presentado la <strong>Primera Semana de Cine Espiritual<\/strong> que acoge la ciudad. Una actividad cultural y educativa organizada por los secretariados diocesanos de Pastoral Familiar, Juvenil, Universitaria, Ense\u00f1anza y Medios de Comunicaci\u00f3n Social.<\/p>\n<p><!--more--><\/p>\n<p>Los pases tendr\u00e1n lugar el <strong>mi\u00e9rcoles 24 de febrero<\/strong> en el Auditorio de Santa Ana a las 11.45 horas con la cinta <strong>Me\u00f1ique <\/strong>dirigida a los colegios de Educaci\u00f3n Primaria tanto p\u00fablicos como concertados, sesi\u00f3n que ya tiene el aforo completo.<\/p>\n<p><a href=\"http:\/\/www.diocesisplasencia.org\/w\/wp-content\/uploads\/2015\/Primera-Semana-de-Cine-Espiritual-en-Pla_99D6\/IMG_3935.jpg\"><img decoding=\"async\" title=\"IMG_3935\" style=\"border-left-width: 0px; border-right-width: 0px; background-image: none; border-bottom-width: 0px; padding-top: 0px; padding-left: 0px; display: inline; padding-right: 0px; border-top-width: 0px\" border=\"0\" alt=\"IMG_3935\" src=\"http:\/\/www.diocesisplasencia.org\/w\/wp-content\/uploads\/2015\/Primera-Semana-de-Cine-Espiritual-en-Pla_99D6\/IMG_3935_thumb.jpg\" width=\"460\" height=\"308\"><\/a><\/p>\n<p>El <strong>viernes 26 de febrero<\/strong> se proyectar\u00e1 <strong>Trash<\/strong> en dos sesiones, una matinal a las 11.45, para estudiantes de ESO y Bachillerato de Plasencia, Trujillo, Madro\u00f1era y Herv\u00e1s, con aforo completo. Y otra vespertina <strong>a las 19.00 horas<\/strong> abierta para todos los p\u00fablicos y cuya entrada tiene un precio de dos euros que ser\u00e1n donados al servicio diocesano de Ayuda a la Vida.<\/p>\n<p>Las entradas estar\u00e1n a la venta en la librer\u00eda del Obispado y en el templo cofrade de Santo Domingo, adem\u00e1s del mismo viernes en Santa Ana. Tambi\u00e9n se han puesto a la venta entradas de fila cero para todos los que quieran colaborar, cuya recaudaci\u00f3n ir\u00e1 destinada al servicio de Ayuda a la Vida.<\/p>\n<p>Despu\u00e9s de la proyecci\u00f3n vespertirna de Trash tendr\u00e1 lugar un cineforum con la experta Amparo Garc\u00eda, profesora de Teolog\u00eda en el Instituto Superior de Ciencias Religiosas de la Universidad Eclesi\u00e1stica San D\u00e1maso.<\/p>\n","protected":false},"excerpt":{"rendered":"<p>En la ma\u00f1ana de hoy viernes 19 de febrero, en el Obispado de Plasencia, se ha presentado la Primera Semana de Cine Espiritual que acoge la ciudad. Una actividad cultural y educativa organizada por los secretariados diocesanos de Pastoral Familiar, Juvenil, Universitaria, Ense\u00f1anza y Medios&#8230;<\/p>\n","protected":false},"author":1,"featured_media":0,"comment_status":"closed","ping_status":"closed","sticky":false,"template":"","format":"standard","meta":{"footnotes":""},"categories":[23],"tags":[],"_links":{"self":[{"href":"https:\/\/diocesisplasencia.org\/hemeroteca\/wp-json\/wp\/v2\/posts\/3389"}],"collection":[{"href":"https:\/\/diocesisplasencia.org\/hemeroteca\/wp-json\/wp\/v2\/posts"}],"about":[{"href":"https:\/\/diocesisplasencia.org\/hemeroteca\/wp-json\/wp\/v2\/types\/post"}],"author":[{"embeddable":true,"href":"https:\/\/diocesisplasencia.org\/hemeroteca\/wp-json\/wp\/v2\/users\/1"}],"replies":[{"embeddable":true,"href":"https:\/\/diocesisplasencia.org\/hemeroteca\/wp-json\/wp\/v2\/comments?post=3389"}],"version-history":[{"count":0,"href":"https:\/\/diocesisplasencia.org\/hemeroteca\/wp-json\/wp\/v2\/posts\/3389\/revisions"}],"wp:attachment":[{"href":"https:\/\/diocesisplasencia.org\/hemeroteca\/wp-json\/wp\/v2\/media?parent=3389"}],"wp:term":[{"taxonomy":"category","embeddable":true,"href":"https:\/\/diocesisplasencia.org\/hemeroteca\/wp-json\/wp\/v2\/categories?post=3389"},{"taxonomy":"post_tag","embeddable":true,"href":"https:\/\/diocesisplasencia.org\/hemeroteca\/wp-json\/wp\/v2\/tags?post=3389"}],"curies":[{"name":"wp","href":"https:\/\/api.w.org\/{rel}","templated":true}]}}