{"id":3384,"date":"2016-03-07T12:25:00","date_gmt":"2016-03-07T11:25:00","guid":{"rendered":"http:\/\/www.diocesisplasencia.org\/w\/?p=3384"},"modified":"2016-03-07T12:25:00","modified_gmt":"2016-03-07T11:25:00","slug":"acoso-escolar-hoy-en-la-escuela-de-padres","status":"publish","type":"post","link":"https:\/\/diocesisplasencia.org\/hemeroteca\/acoso-escolar-hoy-en-la-escuela-de-padres\/","title":{"rendered":"Trastornos de conducta en la Escuela de Padres"},"content":{"rendered":"<p><a href=\"http:\/\/www.diocesisplasencia.org\/w\/wp-content\/uploads\/2015\/Acoso-escolar-hoy-en-la-Escuela-de-Padre_923E\/12711214_1147877501891493_6379594589584833952_o.jpg\"><img fetchpriority=\"high\" decoding=\"async\" title=\"12711214_1147877501891493_6379594589584833952_o\" style=\"border-left-width: 0px; border-right-width: 0px; background-image: none; border-bottom-width: 0px; padding-top: 0px; padding-left: 0px; display: inline; padding-right: 0px; border-top-width: 0px\" border=\"0\" alt=\"12711214_1147877501891493_6379594589584833952_o\" src=\"http:\/\/www.diocesisplasencia.org\/w\/wp-content\/uploads\/2015\/Acoso-escolar-hoy-en-la-Escuela-de-Padre_923E\/12711214_1147877501891493_6379594589584833952_o_thumb.jpg\" width=\"460\" height=\"326\"><\/a><\/p>\n<p>La Escuela de Padres os invita&nbsp; a que particip\u00e9is en la cuarta sesi\u00f3n formativa que este a\u00f1o, como sab\u00e9is, est\u00e1 dedicada a \u201cTrastornos en la infancia y adolescencia: prevenci\u00f3n y ayuda\u201d.<\/p>\n<p><!--more--><\/p>\n<p>Ser\u00e1 el mi\u00e9rcoles 9 de marzo, de 18.30 a 20.00 horas, en el colegio San Calixto de Plasencia y D\u00aa. Laura Noin Alonso, Psic\u00f3loga, que actualmente presta sus servicios en la asociaci\u00f3n \u201cAunex\u201d (autismo del norte de Extremadura), con sede en Plasencia, hablar\u00e1 sobre <b>\u201cTrastornos de conducta: autismo, hiperactividad\u201d.<\/b> <\/p>\n<p>Recordamos que habr\u00e1 servicio de guarder\u00eda a cargo del colegio.  <\/p>\n<p>\u00a1\u00a1\u00a1\u00a1 OS ESPERAMOS !!!!<\/p>\n","protected":false},"excerpt":{"rendered":"<p>La Escuela de Padres os invita&nbsp; a que particip\u00e9is en la cuarta sesi\u00f3n formativa que este a\u00f1o, como sab\u00e9is, est\u00e1 dedicada a \u201cTrastornos en la infancia y adolescencia: prevenci\u00f3n y ayuda\u201d.<\/p>\n","protected":false},"author":1,"featured_media":0,"comment_status":"closed","ping_status":"closed","sticky":false,"template":"","format":"standard","meta":{"footnotes":""},"categories":[23],"tags":[],"_links":{"self":[{"href":"https:\/\/diocesisplasencia.org\/hemeroteca\/wp-json\/wp\/v2\/posts\/3384"}],"collection":[{"href":"https:\/\/diocesisplasencia.org\/hemeroteca\/wp-json\/wp\/v2\/posts"}],"about":[{"href":"https:\/\/diocesisplasencia.org\/hemeroteca\/wp-json\/wp\/v2\/types\/post"}],"author":[{"embeddable":true,"href":"https:\/\/diocesisplasencia.org\/hemeroteca\/wp-json\/wp\/v2\/users\/1"}],"replies":[{"embeddable":true,"href":"https:\/\/diocesisplasencia.org\/hemeroteca\/wp-json\/wp\/v2\/comments?post=3384"}],"version-history":[{"count":0,"href":"https:\/\/diocesisplasencia.org\/hemeroteca\/wp-json\/wp\/v2\/posts\/3384\/revisions"}],"wp:attachment":[{"href":"https:\/\/diocesisplasencia.org\/hemeroteca\/wp-json\/wp\/v2\/media?parent=3384"}],"wp:term":[{"taxonomy":"category","embeddable":true,"href":"https:\/\/diocesisplasencia.org\/hemeroteca\/wp-json\/wp\/v2\/categories?post=3384"},{"taxonomy":"post_tag","embeddable":true,"href":"https:\/\/diocesisplasencia.org\/hemeroteca\/wp-json\/wp\/v2\/tags?post=3384"}],"curies":[{"name":"wp","href":"https:\/\/api.w.org\/{rel}","templated":true}]}}