{"id":3382,"date":"2016-02-17T10:15:56","date_gmt":"2016-02-17T09:15:56","guid":{"rendered":"http:\/\/www.diocesisplasencia.org\/w\/?p=3382"},"modified":"2016-02-17T10:15:56","modified_gmt":"2016-02-17T09:15:56","slug":"los-cofrades-cruzan-la-puerta-santa-de-la-catedral","status":"publish","type":"post","link":"https:\/\/diocesisplasencia.org\/hemeroteca\/los-cofrades-cruzan-la-puerta-santa-de-la-catedral\/","title":{"rendered":"Los cofrades cruzan la Puerta Santa de la catedral"},"content":{"rendered":"<p><a href=\"http:\/\/www.diocesisplasencia.org\/w\/wp-content\/uploads\/2015\/Los-cofrades-cruzan-la-Puerta-Santa-de-l_8E01\/IMG_3901.jpg\"><img fetchpriority=\"high\" decoding=\"async\" title=\"IMG_3901\" style=\"border-left-width: 0px; border-right-width: 0px; background-image: none; border-bottom-width: 0px; padding-top: 0px; padding-left: 0px; display: inline; padding-right: 0px; border-top-width: 0px\" border=\"0\" alt=\"IMG_3901\" src=\"http:\/\/www.diocesisplasencia.org\/w\/wp-content\/uploads\/2015\/Los-cofrades-cruzan-la-Puerta-Santa-de-l_8E01\/IMG_3901_thumb.jpg\" width=\"460\" height=\"308\"><\/a><\/p>\n<p>Las Hermandades y Cofrad\u00edas diocesanas fueron convocadas el domingo 14 de febrero para celebrar el Jubileo Cofrade con el lema \u201cMisericordiosos como el Padre, haz t\u00fa lo mismo\u201d, en consonancia con las catequesis editadas&nbsp; por la Vicaria de Animaci\u00f3n Pastoral de la Di\u00f3cesis y que meses atr\u00e1s se enviaron a cada Cofrad\u00eda para su reflexi\u00f3n y formaci\u00f3n. <\/p>\n<p><!--more--><\/p>\n<p>Muchas fueron las Hermandades y Cofrad\u00edas que acudieron a la llamada con sus estandartes e insignias para vivir fructuosamente d\u00eda tan significativo jubilar que hac\u00eda referencia fundamentalmente a la dimensi\u00f3n espiritual&nbsp; y al esp\u00edritu cofrade, como muy bien se\u00f1al\u00f3 el se\u00f1or Obispo en la homil\u00eda de la celebraci\u00f3n eucar\u00edstica mediante&nbsp; la referencia b\u00edblica del \u00e1rbol y los frutos siguiendo la pedagog\u00eda de Jes\u00fas \u201ccon que comparar\u00e9\u201d&nbsp; hoy las Hermandades y Cofrad\u00edas, resaltando su&nbsp; sentido eclesial&nbsp; en comuni\u00f3n org\u00e1nica con las parroquias a las que se pertenecen, y a trav\u00e9s de estas&nbsp; su vinculaci\u00f3n a la Di\u00f3cesis e Iglesia universal, as\u00ed mejor dar\u00e1n&nbsp; frutos cristianos desde Cristo y la Iglesia. Despu\u00e9s de la Eucarist\u00eda hubo un peque\u00f1o concierto de las marchas procesionales que m\u00e1s suenan en Semana Santa y un potaje solidario cuyos beneficios ser\u00e1n destinados&nbsp; a comedores sociales de C\u00e1ritas. Termin\u00e1ndose el d\u00eda con&nbsp; la visita al templo cofrade de Santo Domingo de la Junta de Cofrad\u00edas de Plasencia. <br \/>&nbsp;&nbsp;&nbsp;&nbsp; Seg\u00fan el sentir general de los cofrades fue un d\u00eda&nbsp; muy completo y satisfactorio que habr\u00eda que seguir cuidando, como muy bien resalt\u00f3 en su reflexi\u00f3n inicial del d\u00eda, en la iglesia de San Nicol\u00e1s de donde partieron los peregrinos hasta la catedral, la directora del secretariado haciendo referencia a los valores cristianos, el compromiso de evangelizar y la dimensi\u00f3n caritativa, obras de misericordia corporales y espirituales, ejes fundamentales del presente a\u00f1o jubilar recogidos en la Carta Pastoral del Obispo del a\u00f1o de la Misericordia y en la programaci\u00f3n pastoral del Secretariado Diocesano de Hermandades y Cofrad\u00edas. A tener en cuenta en lo sucesivo buscando&nbsp; una renovada evangelizaci\u00f3n por el culto, la penitencia&nbsp; y la caridad seg\u00fan el carisma de cada Hermandad o Cofrad\u00eda. Este encuentro jubilar&nbsp; en el primer domingo de Cuaresma, ayudar\u00e1 a vivir \u00e9sta con un mayor sentido cristiano y contribuir\u00e1 en un futuro a sensibilizar sobre la necesidad de&nbsp; volver a las fuentes, al plano de su historia inicial y su carisma fundacional.&nbsp; <\/p>\n<p>Mira la galer\u00eda fotogr\u00e1fica del d\u00eda en el siguiente enlace:<\/p>\n<p><a title=\"https:\/\/www.facebook.com\/Di%C3%B3cesis-Plasencia-Comunicaci%C3%B3n-241822302615753\/photos_stream?ref=tn_tnmn&amp;tab=photos_albums\" href=\"https:\/\/www.facebook.com\/Di%C3%B3cesis-Plasencia-Comunicaci%C3%B3n-241822302615753\/photos_stream?ref=tn_tnmn&amp;tab=photos_albums\">https:\/\/www.facebook.com\/Di%C3%B3cesis-Plasencia-Comunicaci%C3%B3n-241822302615753\/photos_stream?ref=tn_tnmn&amp;tab=photos_albums<\/a><\/p>\n","protected":false},"excerpt":{"rendered":"<p>Las Hermandades y Cofrad\u00edas diocesanas fueron convocadas el domingo 14 de febrero para celebrar el Jubileo Cofrade con el lema \u201cMisericordiosos como el Padre, haz t\u00fa lo mismo\u201d, en consonancia con las catequesis editadas&nbsp; por la Vicaria de Animaci\u00f3n Pastoral de la Di\u00f3cesis y que&#8230;<\/p>\n","protected":false},"author":1,"featured_media":0,"comment_status":"closed","ping_status":"closed","sticky":false,"template":"","format":"standard","meta":{"footnotes":""},"categories":[23],"tags":[],"_links":{"self":[{"href":"https:\/\/diocesisplasencia.org\/hemeroteca\/wp-json\/wp\/v2\/posts\/3382"}],"collection":[{"href":"https:\/\/diocesisplasencia.org\/hemeroteca\/wp-json\/wp\/v2\/posts"}],"about":[{"href":"https:\/\/diocesisplasencia.org\/hemeroteca\/wp-json\/wp\/v2\/types\/post"}],"author":[{"embeddable":true,"href":"https:\/\/diocesisplasencia.org\/hemeroteca\/wp-json\/wp\/v2\/users\/1"}],"replies":[{"embeddable":true,"href":"https:\/\/diocesisplasencia.org\/hemeroteca\/wp-json\/wp\/v2\/comments?post=3382"}],"version-history":[{"count":0,"href":"https:\/\/diocesisplasencia.org\/hemeroteca\/wp-json\/wp\/v2\/posts\/3382\/revisions"}],"wp:attachment":[{"href":"https:\/\/diocesisplasencia.org\/hemeroteca\/wp-json\/wp\/v2\/media?parent=3382"}],"wp:term":[{"taxonomy":"category","embeddable":true,"href":"https:\/\/diocesisplasencia.org\/hemeroteca\/wp-json\/wp\/v2\/categories?post=3382"},{"taxonomy":"post_tag","embeddable":true,"href":"https:\/\/diocesisplasencia.org\/hemeroteca\/wp-json\/wp\/v2\/tags?post=3382"}],"curies":[{"name":"wp","href":"https:\/\/api.w.org\/{rel}","templated":true}]}}