{"id":3378,"date":"2016-02-16T12:51:00","date_gmt":"2016-02-16T11:51:00","guid":{"rendered":"http:\/\/www.diocesisplasencia.org\/w\/?p=3378"},"modified":"2016-02-16T12:51:00","modified_gmt":"2016-02-16T11:51:00","slug":"400-personas-en-el-potaje-solidario-de-las-cofradas","status":"publish","type":"post","link":"https:\/\/diocesisplasencia.org\/hemeroteca\/400-personas-en-el-potaje-solidario-de-las-cofradas\/","title":{"rendered":"400 personas, en el potaje solidario de las cofrad\u00edas"},"content":{"rendered":"<p>EL PERIODICO EXTREMADURA 16-02-16<\/p>\n<p>El potaje solidario organizado el domingo con motivo del jubileo de cofrad\u00edas y hermandades de la di\u00f3cesis consigui\u00f3 reunir a 400 personas en la planta alta de la plaza de abastos. Cada plato costaba tres euros y la recaudaci\u00f3n se destinar\u00e1 los comedores sociales de las di\u00f3cesis.<\/p>\n","protected":false},"excerpt":{"rendered":"<p>EL PERIODICO EXTREMADURA 16-02-16 El potaje solidario organizado el domingo con motivo del jubileo de cofrad\u00edas y hermandades de la di\u00f3cesis consigui\u00f3 reunir a 400 personas en la planta alta de la plaza de abastos. Cada plato costaba tres euros y la recaudaci\u00f3n se destinar\u00e1&#8230;<\/p>\n","protected":false},"author":1,"featured_media":0,"comment_status":"closed","ping_status":"closed","sticky":false,"template":"","format":"standard","meta":{"footnotes":""},"categories":[39],"tags":[],"_links":{"self":[{"href":"https:\/\/diocesisplasencia.org\/hemeroteca\/wp-json\/wp\/v2\/posts\/3378"}],"collection":[{"href":"https:\/\/diocesisplasencia.org\/hemeroteca\/wp-json\/wp\/v2\/posts"}],"about":[{"href":"https:\/\/diocesisplasencia.org\/hemeroteca\/wp-json\/wp\/v2\/types\/post"}],"author":[{"embeddable":true,"href":"https:\/\/diocesisplasencia.org\/hemeroteca\/wp-json\/wp\/v2\/users\/1"}],"replies":[{"embeddable":true,"href":"https:\/\/diocesisplasencia.org\/hemeroteca\/wp-json\/wp\/v2\/comments?post=3378"}],"version-history":[{"count":0,"href":"https:\/\/diocesisplasencia.org\/hemeroteca\/wp-json\/wp\/v2\/posts\/3378\/revisions"}],"wp:attachment":[{"href":"https:\/\/diocesisplasencia.org\/hemeroteca\/wp-json\/wp\/v2\/media?parent=3378"}],"wp:term":[{"taxonomy":"category","embeddable":true,"href":"https:\/\/diocesisplasencia.org\/hemeroteca\/wp-json\/wp\/v2\/categories?post=3378"},{"taxonomy":"post_tag","embeddable":true,"href":"https:\/\/diocesisplasencia.org\/hemeroteca\/wp-json\/wp\/v2\/tags?post=3378"}],"curies":[{"name":"wp","href":"https:\/\/api.w.org\/{rel}","templated":true}]}}