{"id":3357,"date":"2016-02-08T12:40:36","date_gmt":"2016-02-08T11:40:36","guid":{"rendered":"http:\/\/www.diocesisplasencia.org\/w\/?p=3357"},"modified":"2016-02-08T12:40:36","modified_gmt":"2016-02-08T11:40:36","slug":"jubileo-y-clausura-del-ao-de-la-vida-consagrada","status":"publish","type":"post","link":"https:\/\/diocesisplasencia.org\/hemeroteca\/jubileo-y-clausura-del-ao-de-la-vida-consagrada\/","title":{"rendered":"Jubileo y Clausura del A\u00f1o de la Vida Consagrada"},"content":{"rendered":"<p><a href=\"http:\/\/www.diocesisplasencia.org\/w\/wp-content\/uploads\/2015\/Jubileo-y-Clausura-del-Ao-de-la-Vida-Con_B19D\/IMG_3793.jpg\"><img fetchpriority=\"high\" decoding=\"async\" title=\"IMG_3793\" style=\"border-left-width: 0px; border-right-width: 0px; background-image: none; border-bottom-width: 0px; padding-top: 0px; padding-left: 0px; display: inline; padding-right: 0px; border-top-width: 0px\" border=\"0\" alt=\"IMG_3793\" src=\"http:\/\/www.diocesisplasencia.org\/w\/wp-content\/uploads\/2015\/Jubileo-y-Clausura-del-Ao-de-la-Vida-Con_B19D\/IMG_3793_thumb.jpg\" width=\"436\" height=\"292\"><\/a><\/p>\n<p>El Seminario Diocesano acogi\u00f3 el pasado s\u00e1bado d\u00eda 6 de octubre la clausura del A\u00f1o de la Vida Consagrada y el Jubileo de la Vida Consagrada.<\/p>\n<p><!--more--><\/p>\n<p>Toda las fotos en:<\/p>\n<p>&nbsp;<a title=\"https:\/\/www.facebook.com\/media\/set\/?set=a.767797163351595.1073741891.241822302615753&amp;type=3\" href=\"https:\/\/www.facebook.com\/media\/set\/?set=a.767797163351595.1073741891.241822302615753&amp;type=3\">https:\/\/www.facebook.com\/media\/set\/?set=a.767797163351595.1073741891.241822302615753&amp;type=3<\/a><\/p>\n","protected":false},"excerpt":{"rendered":"<p>El Seminario Diocesano acogi\u00f3 el pasado s\u00e1bado d\u00eda 6 de octubre la clausura del A\u00f1o de la Vida Consagrada y el Jubileo de la Vida Consagrada.<\/p>\n","protected":false},"author":1,"featured_media":0,"comment_status":"closed","ping_status":"closed","sticky":false,"template":"","format":"standard","meta":{"footnotes":""},"categories":[23],"tags":[],"_links":{"self":[{"href":"https:\/\/diocesisplasencia.org\/hemeroteca\/wp-json\/wp\/v2\/posts\/3357"}],"collection":[{"href":"https:\/\/diocesisplasencia.org\/hemeroteca\/wp-json\/wp\/v2\/posts"}],"about":[{"href":"https:\/\/diocesisplasencia.org\/hemeroteca\/wp-json\/wp\/v2\/types\/post"}],"author":[{"embeddable":true,"href":"https:\/\/diocesisplasencia.org\/hemeroteca\/wp-json\/wp\/v2\/users\/1"}],"replies":[{"embeddable":true,"href":"https:\/\/diocesisplasencia.org\/hemeroteca\/wp-json\/wp\/v2\/comments?post=3357"}],"version-history":[{"count":0,"href":"https:\/\/diocesisplasencia.org\/hemeroteca\/wp-json\/wp\/v2\/posts\/3357\/revisions"}],"wp:attachment":[{"href":"https:\/\/diocesisplasencia.org\/hemeroteca\/wp-json\/wp\/v2\/media?parent=3357"}],"wp:term":[{"taxonomy":"category","embeddable":true,"href":"https:\/\/diocesisplasencia.org\/hemeroteca\/wp-json\/wp\/v2\/categories?post=3357"},{"taxonomy":"post_tag","embeddable":true,"href":"https:\/\/diocesisplasencia.org\/hemeroteca\/wp-json\/wp\/v2\/tags?post=3357"}],"curies":[{"name":"wp","href":"https:\/\/api.w.org\/{rel}","templated":true}]}}