{"id":3355,"date":"2016-02-08T12:05:48","date_gmt":"2016-02-08T11:05:48","guid":{"rendered":"http:\/\/www.diocesisplasencia.org\/w\/?p=3355"},"modified":"2016-02-08T12:05:48","modified_gmt":"2016-02-08T11:05:48","slug":"jornadas-teolgicas-de-los-seminarios-extremeos","status":"publish","type":"post","link":"https:\/\/diocesisplasencia.org\/hemeroteca\/jornadas-teolgicas-de-los-seminarios-extremeos\/","title":{"rendered":"Jornadas Teol\u00f3gicas de los Seminarios Extreme\u00f1os"},"content":{"rendered":"<p><a href=\"http:\/\/www.diocesisplasencia.org\/w\/wp-content\/uploads\/2015\/Jornadas-Teolgicas-de-los-Seminarios-Ext_A9CB\/100_0563.jpg\"><img decoding=\"async\" title=\"100_0563\" style=\"border-left-width: 0px; border-right-width: 0px; background-image: none; border-bottom-width: 0px; padding-top: 0px; padding-left: 0px; display: inline; padding-right: 0px; border-top-width: 0px\" border=\"0\" alt=\"100_0563\" src=\"http:\/\/www.diocesisplasencia.org\/w\/wp-content\/uploads\/2015\/Jornadas-Teolgicas-de-los-Seminarios-Ext_A9CB\/100_0563_thumb.jpg\" width=\"244\" height=\"184\"><\/a>  <\/p>\n<p><b><\/b> <\/p>\n<p>El <b>Seminario Diocesano de Plasencia<\/b> acoger\u00e1 <b>del 10 al 12 de febrero<\/b> las XVII Jornadas Teol\u00f3gicas de los Seminarios de la Provincia Eclesi\u00e1stica de M\u00e9rida \u2013 Badajoz.<\/p>\n<p><!--more--><\/p>\n<p>Seminaristas de Badajoz, C\u00e1ceres y Plasencia, acompa\u00f1ados de sus formadores y Obispos, celebrar\u00e1n unos d\u00edas de convivencia y formaci\u00f3n en los que reflexionar\u00e1n, con la ayuda de profesores ponentes, sobre las \u201cPromesas Sacerdotales: Celibato\u201d, \u201cObediencia al Obispo\u201d y \u201cLiturgia de las Horas\u201d, entre otros temas.  <\/p>\n<p>El Seminario de Plasencia ser\u00e1 el lugar en el que se desarrollar\u00e1n dichas Jornadas que comienzan el Mi\u00e9rcoles de Ceniza. Cada d\u00eda estar\u00e1 presidido por uno de los tres Obispos de la Provincia Eclesi\u00e1stica.<\/p>\n","protected":false},"excerpt":{"rendered":"<p>El Seminario Diocesano de Plasencia acoger\u00e1 del 10 al 12 de febrero las XVII Jornadas Teol\u00f3gicas de los Seminarios de la Provincia Eclesi\u00e1stica de M\u00e9rida \u2013 Badajoz.<\/p>\n","protected":false},"author":1,"featured_media":0,"comment_status":"closed","ping_status":"closed","sticky":false,"template":"","format":"standard","meta":{"footnotes":""},"categories":[23],"tags":[],"_links":{"self":[{"href":"https:\/\/diocesisplasencia.org\/hemeroteca\/wp-json\/wp\/v2\/posts\/3355"}],"collection":[{"href":"https:\/\/diocesisplasencia.org\/hemeroteca\/wp-json\/wp\/v2\/posts"}],"about":[{"href":"https:\/\/diocesisplasencia.org\/hemeroteca\/wp-json\/wp\/v2\/types\/post"}],"author":[{"embeddable":true,"href":"https:\/\/diocesisplasencia.org\/hemeroteca\/wp-json\/wp\/v2\/users\/1"}],"replies":[{"embeddable":true,"href":"https:\/\/diocesisplasencia.org\/hemeroteca\/wp-json\/wp\/v2\/comments?post=3355"}],"version-history":[{"count":0,"href":"https:\/\/diocesisplasencia.org\/hemeroteca\/wp-json\/wp\/v2\/posts\/3355\/revisions"}],"wp:attachment":[{"href":"https:\/\/diocesisplasencia.org\/hemeroteca\/wp-json\/wp\/v2\/media?parent=3355"}],"wp:term":[{"taxonomy":"category","embeddable":true,"href":"https:\/\/diocesisplasencia.org\/hemeroteca\/wp-json\/wp\/v2\/categories?post=3355"},{"taxonomy":"post_tag","embeddable":true,"href":"https:\/\/diocesisplasencia.org\/hemeroteca\/wp-json\/wp\/v2\/tags?post=3355"}],"curies":[{"name":"wp","href":"https:\/\/api.w.org\/{rel}","templated":true}]}}