{"id":3349,"date":"2016-02-03T19:30:00","date_gmt":"2016-02-03T18:30:00","guid":{"rendered":"http:\/\/www.diocesisplasencia.org\/w\/?p=3349"},"modified":"2016-02-03T19:30:00","modified_gmt":"2016-02-03T18:30:00","slug":"plntale-cara-al-hambre-siembra","status":"publish","type":"post","link":"https:\/\/diocesisplasencia.org\/hemeroteca\/plntale-cara-al-hambre-siembra\/","title":{"rendered":"Pl\u00e1ntale cara al hambre: siembra"},"content":{"rendered":"<p><a href=\"http:\/\/www.diocesisplasencia.org\/w\/wp-content\/uploads\/2015\/a74f27fe82f4_111FF\/foto-pg-3_result.jpg\"><img decoding=\"async\" style=\"background-image: none; border-bottom: 0px; border-left: 0px; margin: 0px auto; padding-left: 0px; padding-right: 0px; display: block; float: none; border-top: 0px; border-right: 0px; padding-top: 0px\" title=\"foto p&aacute;g 3_result\" border=\"0\" alt=\"foto p&aacute;g 3_result\" src=\"http:\/\/www.diocesisplasencia.org\/w\/wp-content\/uploads\/2015\/a74f27fe82f4_111FF\/foto-pg-3_result_thumb.jpg\" width=\"175\" height=\"244\"><\/a><\/p>\n<div style=\"padding-bottom: 0px; margin: 0px; padding-left: 0px; padding-right: 0px; display: inline; float: none; padding-top: 0px\" id=\"scid:8eb9d37f-1541-4f29-b6f4-1eea890d4876:6f3b653b-c819-41d9-a579-2a887ead88b7\" class=\"wlWriterEditableSmartContent\">\n<p><div><a href=\"http:\/\/www.diocesisplasencia.org\/w\/wp-content\/uploads\/2015\/a74f27fe82f4_111FF\/plantale_cara_al_hambre.pdf\" target=\"_blank\" rel=\"noopener noreferrer\">DESCARGAR<\/a><\/div>\n<\/div>\n<p>Queridos diocesanos: <\/p>\n<p>Cada a\u00f1o, al comenzar el mes de febrero, <b>Manos Unidas<\/b> vuelve a llamar nuestra atenci\u00f3n sobre el hambre en el mundo que est\u00e1n sufriendo m\u00e1s de 800 millones de personas. Esta campa\u00f1a nos ayuda a sensibilizarnos y nos invita a compartir, para recaudar fondos para los proyectos de desarrollo en los campos de alimentaci\u00f3n, la salud, la educaci\u00f3n, la promoci\u00f3n de la mujer, la vivienda, el cuidado de la maternidad, etc. Lo hace adem\u00e1s con credibilidad, porque Manos Unidas sigue haciendo una gran labor en las zonas m\u00e1s pobres de la tierra.<!--more--><\/p>\n<p>En este A\u00f1o Jubilar de la Misericordia, en el que el papa Francisco nos pide que tengamos muy presentes las Obras de Misericordia corporales y espirituales, se nos recuerda que hay que darle de comer al hambriento, de beber al sediento\u2026 es decir, se nos propone el contenido b\u00e1sico de la actividad de Manos Unidas. Tanto las obras de misericordia como la campa\u00f1a contra el hambre nos proponen concreci\u00f3n en nuestra conciencia en favor de los pobres de la tierra.  <\/p>\n<p>A eso os invitaba yo mismo cuando os he dicho en la carta pastoral que os he dirigido con motivo del A\u00f1o de la Misericordia: \u201cLas obras de misericordia, como sabemos muy bien, son una invitaci\u00f3n a no permanecer indiferentes y a no marcar distancias ante los problemas del otro. A veces, a causa de una mal entendida tolerancia, dejamos de hacer lo que debemos en favor de los dem\u00e1s. Hay que estar, por tanto, muy atentos a lo que los m\u00e1s pobres necesiten y as\u00ed podremos concretar en qu\u00e9 hemos de ayudarles\u201d.Os invito con el Papa Francisco a abrir los ojos para mirar las miserias del mundo y plantarles cara. No podemos dejar de mirar hacia \u201clas heridas de tantos hermanos y hermanas privados de la dignidad, y sint\u00e1monos provocados a escuchar su grito de auxilio\u201d (El rostro de la misericordia, 15). <\/p>\n<p>El lema de este a\u00f1o en la Campa\u00f1a contra el Hambre todo se concreta de este modo <b><i>\u201cPl\u00e1ntale cara al hambre: SIEMBRA\u201d<\/i><\/b>. Es realmente muy sugerente, porque nos invita a sembrar, conscientes de que cuando se siembra se recoge. En la agricultura, y en nuestra tierra sabe mucho de eso, para conseguir los frutos deseados se empieza por sembrar. Pues algo as\u00ed hay que hacer para erradicar el hambre y la miseria de millones de personas en todo el mundo: hay que sembrar. <\/p>\n<p>Sembremos entonces semillas que nos den el fruto que necesitan los millones de seres humanos que a\u00fan pasan hambre en el mundo. Empecemos ante todo por sembrar el amor misericordioso y hagamos de \u00e9l el gran abono de la siembra solidaria. Y sobre ese terreno abonado pongamos en la tierra semillas que den pan, dignidad, cultura, progreso; que den todo lo que abra al mundo a un bien com\u00fan sin exclusiones. <\/p>\n<p>Tu aportaci\u00f3n dada con amor para todos los proyectos que Manos Unidad ofrece est\u00e1 contribuyendo a la promoci\u00f3n y el desarrollo de muchos hombres y mujeres. Gracias a tu generosidad hay muchos que podr\u00e1n tener una vida mas digna y muchos m\u00e1s medios para lograr un mayor bienestar. S\u00f3lo de este modo podr\u00e1n mirar al futuro con m\u00e1s esperanza. Esta siembra, hecha desde la generosidad, siempre es rentable.  <\/p>\n<p>Os invito, un a\u00f1o m\u00e1s, a todos los diocesanos a secundar las iniciativas de Manos Unidas y a colaborar generosamente con la colecta que se realizar\u00e1 en todas las parroquias el domingo 14 de febrero. Invito tambi\u00e9n al ayuno voluntario que Manos Unidas propone para el viernes anterior. El ayuno nos renueva interiormente y nos hace crecer en solidaridad con quienes suelen ayunar diariamente porque no tienen para comer.  <\/p>\n<p>Con mi afecto y bendici\u00f3n  <\/p>\n<p><b>+ Amadeo Rodr\u00edguez Magro, obispo de Plasencia <\/b><\/p>\n","protected":false},"excerpt":{"rendered":"<p>DESCARGAR Queridos diocesanos: Cada a\u00f1o, al comenzar el mes de febrero, Manos Unidas vuelve a llamar nuestra atenci\u00f3n sobre el hambre en el mundo que est\u00e1n sufriendo m\u00e1s de 800 millones de personas. Esta campa\u00f1a nos ayuda a sensibilizarnos y nos invita a compartir, para&#8230;<\/p>\n","protected":false},"author":1,"featured_media":0,"comment_status":"closed","ping_status":"closed","sticky":false,"template":"","format":"standard","meta":{"footnotes":""},"categories":[23],"tags":[],"_links":{"self":[{"href":"https:\/\/diocesisplasencia.org\/hemeroteca\/wp-json\/wp\/v2\/posts\/3349"}],"collection":[{"href":"https:\/\/diocesisplasencia.org\/hemeroteca\/wp-json\/wp\/v2\/posts"}],"about":[{"href":"https:\/\/diocesisplasencia.org\/hemeroteca\/wp-json\/wp\/v2\/types\/post"}],"author":[{"embeddable":true,"href":"https:\/\/diocesisplasencia.org\/hemeroteca\/wp-json\/wp\/v2\/users\/1"}],"replies":[{"embeddable":true,"href":"https:\/\/diocesisplasencia.org\/hemeroteca\/wp-json\/wp\/v2\/comments?post=3349"}],"version-history":[{"count":0,"href":"https:\/\/diocesisplasencia.org\/hemeroteca\/wp-json\/wp\/v2\/posts\/3349\/revisions"}],"wp:attachment":[{"href":"https:\/\/diocesisplasencia.org\/hemeroteca\/wp-json\/wp\/v2\/media?parent=3349"}],"wp:term":[{"taxonomy":"category","embeddable":true,"href":"https:\/\/diocesisplasencia.org\/hemeroteca\/wp-json\/wp\/v2\/categories?post=3349"},{"taxonomy":"post_tag","embeddable":true,"href":"https:\/\/diocesisplasencia.org\/hemeroteca\/wp-json\/wp\/v2\/tags?post=3349"}],"curies":[{"name":"wp","href":"https:\/\/api.w.org\/{rel}","templated":true}]}}