{"id":3234,"date":"2016-01-19T12:24:47","date_gmt":"2016-01-19T11:24:47","guid":{"rendered":"http:\/\/www.diocesisplasencia.org\/w\/?p=3234"},"modified":"2016-01-19T12:24:47","modified_gmt":"2016-01-19T11:24:47","slug":"segunda-sesin-formativa-de-la-escuela-de-padres-2","status":"publish","type":"post","link":"https:\/\/diocesisplasencia.org\/hemeroteca\/segunda-sesin-formativa-de-la-escuela-de-padres-2\/","title":{"rendered":"Segunda sesi\u00f3n formativa de la Escuela de Padres"},"content":{"rendered":"<p><a href=\"http:\/\/www.diocesisplasencia.org\/w\/wp-content\/uploads\/2015\/Segunda-sesin-formativa-de-la-Escuela-de_ADB9\/CARTEL-ESCUELA-PADRES-2015-16.jpg\"><img fetchpriority=\"high\" decoding=\"async\" title=\"CARTEL ESCUELA PADRES 2015-16\" style=\"border-left-width: 0px; border-right-width: 0px; background-image: none; border-bottom-width: 0px; padding-top: 0px; padding-left: 0px; display: inline; padding-right: 0px; border-top-width: 0px\" border=\"0\" alt=\"CARTEL ESCUELA PADRES 2015-16\" src=\"http:\/\/www.diocesisplasencia.org\/w\/wp-content\/uploads\/2015\/Segunda-sesin-formativa-de-la-Escuela-de_ADB9\/CARTEL-ESCUELA-PADRES-2015-16_thumb.jpg\" width=\"460\" height=\"327\"><\/a><\/p>\n<p>LA SEGUNDA SESI\u00d3N FORMATIVA DE LA ESCUELA DE PADRES, ESTE A\u00d1O DEDICADA COMO SAB\u00c9IS&nbsp; A <b><i>\u201c TRASTORNOS EN LA INFANCIA Y ADOLESCENCIA, PREVENCI\u00d3N Y AYUDA\u201d<\/i><\/b><\/p>\n<p><!--more--><\/p>\n<p>SER\u00c1 EN EL COLEGIO MADRE MATILDE , CON EL T\u00cdTULO \u201cPREVENCI\u00d3N DE DROGODEPENDENCIA\u201d, E IMPARTIDA POR <b><i>D.JOS\u00c9 LUIS JIM\u00c9NEZ MART\u00cdN, PROFESOR Y LICENCIADO EN CIENCIAS RELIGIOSAS Y COLABORADOR DE LA FUNDACI\u00d3N SANTA MAR\u00cdA.<\/i><\/b>  <\/p>\n<p><b><\/b> <\/p>\n<p><b>SER\u00c1 EL PR\u00d3XIMO&nbsp; MI\u00c9RCOLES, 20 DE ENERO,&nbsp; EN EL COLEGIO MADRE MATILDE DE PLASENCIA,&nbsp; DE 18:30 A 20:00 h.<\/b>  <\/p>\n<p><b><\/b> <\/p>\n<p>Recordaros que habr\u00e1 servicio de guarder\u00eda a cargo del colegio que acoge.  <\/p>\n<p>\u00a1\u00a1\u00a1\u00a1&nbsp; OS ESPERAMOS&nbsp; !!!!  <\/p>\n<p><i><\/i> <\/p>\n<p><i>Equipo organizador.<\/i>  <\/p>\n<p><a href=\"http:\/\/www.diocesisplasencia.org\/w\/wp-content\/uploads\/2015\/Segunda-sesin-formativa-de-la-Escuela-de_ADB9\/DIPTICO-ESCUELA-DE-PADRES-2015-16-1a.jpg\"><img decoding=\"async\" title=\"DIPTICO ESCUELA DE PADRES 2015-16 1a\" style=\"border-left-width: 0px; border-right-width: 0px; background-image: none; border-bottom-width: 0px; padding-top: 0px; padding-left: 0px; display: inline; padding-right: 0px; border-top-width: 0px\" border=\"0\" alt=\"DIPTICO ESCUELA DE PADRES 2015-16 1a\" src=\"http:\/\/www.diocesisplasencia.org\/w\/wp-content\/uploads\/2015\/Segunda-sesin-formativa-de-la-Escuela-de_ADB9\/DIPTICO-ESCUELA-DE-PADRES-2015-16-1a_thumb.jpg\" width=\"460\" height=\"327\"><\/a><\/p>\n","protected":false},"excerpt":{"rendered":"<p>LA SEGUNDA SESI\u00d3N FORMATIVA DE LA ESCUELA DE PADRES, ESTE A\u00d1O DEDICADA COMO SAB\u00c9IS&nbsp; A \u201c TRASTORNOS EN LA INFANCIA Y ADOLESCENCIA, PREVENCI\u00d3N Y AYUDA\u201d<\/p>\n","protected":false},"author":1,"featured_media":0,"comment_status":"closed","ping_status":"closed","sticky":false,"template":"","format":"standard","meta":{"footnotes":""},"categories":[23],"tags":[],"_links":{"self":[{"href":"https:\/\/diocesisplasencia.org\/hemeroteca\/wp-json\/wp\/v2\/posts\/3234"}],"collection":[{"href":"https:\/\/diocesisplasencia.org\/hemeroteca\/wp-json\/wp\/v2\/posts"}],"about":[{"href":"https:\/\/diocesisplasencia.org\/hemeroteca\/wp-json\/wp\/v2\/types\/post"}],"author":[{"embeddable":true,"href":"https:\/\/diocesisplasencia.org\/hemeroteca\/wp-json\/wp\/v2\/users\/1"}],"replies":[{"embeddable":true,"href":"https:\/\/diocesisplasencia.org\/hemeroteca\/wp-json\/wp\/v2\/comments?post=3234"}],"version-history":[{"count":0,"href":"https:\/\/diocesisplasencia.org\/hemeroteca\/wp-json\/wp\/v2\/posts\/3234\/revisions"}],"wp:attachment":[{"href":"https:\/\/diocesisplasencia.org\/hemeroteca\/wp-json\/wp\/v2\/media?parent=3234"}],"wp:term":[{"taxonomy":"category","embeddable":true,"href":"https:\/\/diocesisplasencia.org\/hemeroteca\/wp-json\/wp\/v2\/categories?post=3234"},{"taxonomy":"post_tag","embeddable":true,"href":"https:\/\/diocesisplasencia.org\/hemeroteca\/wp-json\/wp\/v2\/tags?post=3234"}],"curies":[{"name":"wp","href":"https:\/\/api.w.org\/{rel}","templated":true}]}}