{"id":3180,"date":"2016-01-12T10:32:29","date_gmt":"2016-01-12T09:32:29","guid":{"rendered":"http:\/\/www.diocesisplasencia.org\/w\/?p=3180"},"modified":"2016-01-12T10:32:29","modified_gmt":"2016-01-12T09:32:29","slug":"peregrina-con-la-dicesis-a-roma","status":"publish","type":"post","link":"https:\/\/diocesisplasencia.org\/hemeroteca\/peregrina-con-la-dicesis-a-roma\/","title":{"rendered":"Peregrina con la Di\u00f3cesis a Roma"},"content":{"rendered":"<p><a href=\"http:\/\/www.diocesisplasencia.org\/w\/wp-content\/uploads\/2015\/Peregrina-con-la-Dicesis-a-Roma_92EF\/Scan10032.jpg\"><img fetchpriority=\"high\" decoding=\"async\" title=\"Scan10032\" style=\"border-left-width: 0px; border-right-width: 0px; background-image: none; border-bottom-width: 0px; padding-top: 0px; padding-left: 0px; display: inline; padding-right: 0px; border-top-width: 0px\" border=\"0\" alt=\"Scan10032\" src=\"http:\/\/www.diocesisplasencia.org\/w\/wp-content\/uploads\/2015\/Peregrina-con-la-Dicesis-a-Roma_92EF\/Scan10032_thumb.jpg\" width=\"430\" height=\"620\"><\/a><\/p>\n<p>&nbsp;<\/p>\n<p>Un a\u00f1o m\u00e1s el Secretariado Diocesano de Religiosidad Popular y Peregrinaciones ha organizado una peregrinaci\u00f3n diocesana a Roma. En esta ocasi\u00f3n tendr\u00e1 lugar del 10 al 17 de marzo y se visitar\u00e1n ciudades como Mil\u00e1n, Venecia, P\u00e1dua, Florencia y As\u00eds. <\/p>\n<p><!--more--><\/p>\n<p>M\u00e1s informaci\u00f3n e inscripciones en el tel\u00e9fono 927 422 656.<\/p>\n<p><a href=\"http:\/\/www.diocesisplasencia.org\/w\/wp-content\/uploads\/2015\/Peregrina-con-la-Dicesis-a-Roma_92EF\/Scan10033.jpg\"><img decoding=\"async\" title=\"Scan10033\" style=\"border-left-width: 0px; border-right-width: 0px; background-image: none; border-bottom-width: 0px; padding-top: 0px; padding-left: 0px; display: inline; padding-right: 0px; border-top-width: 0px\" border=\"0\" alt=\"Scan10033\" src=\"http:\/\/www.diocesisplasencia.org\/w\/wp-content\/uploads\/2015\/Peregrina-con-la-Dicesis-a-Roma_92EF\/Scan10033_thumb.jpg\" width=\"460\" height=\"660\"><\/a><\/p>\n","protected":false},"excerpt":{"rendered":"<p>&nbsp; Un a\u00f1o m\u00e1s el Secretariado Diocesano de Religiosidad Popular y Peregrinaciones ha organizado una peregrinaci\u00f3n diocesana a Roma. En esta ocasi\u00f3n tendr\u00e1 lugar del 10 al 17 de marzo y se visitar\u00e1n ciudades como Mil\u00e1n, Venecia, P\u00e1dua, Florencia y As\u00eds.<\/p>\n","protected":false},"author":1,"featured_media":0,"comment_status":"closed","ping_status":"closed","sticky":false,"template":"","format":"standard","meta":{"footnotes":""},"categories":[23],"tags":[],"_links":{"self":[{"href":"https:\/\/diocesisplasencia.org\/hemeroteca\/wp-json\/wp\/v2\/posts\/3180"}],"collection":[{"href":"https:\/\/diocesisplasencia.org\/hemeroteca\/wp-json\/wp\/v2\/posts"}],"about":[{"href":"https:\/\/diocesisplasencia.org\/hemeroteca\/wp-json\/wp\/v2\/types\/post"}],"author":[{"embeddable":true,"href":"https:\/\/diocesisplasencia.org\/hemeroteca\/wp-json\/wp\/v2\/users\/1"}],"replies":[{"embeddable":true,"href":"https:\/\/diocesisplasencia.org\/hemeroteca\/wp-json\/wp\/v2\/comments?post=3180"}],"version-history":[{"count":0,"href":"https:\/\/diocesisplasencia.org\/hemeroteca\/wp-json\/wp\/v2\/posts\/3180\/revisions"}],"wp:attachment":[{"href":"https:\/\/diocesisplasencia.org\/hemeroteca\/wp-json\/wp\/v2\/media?parent=3180"}],"wp:term":[{"taxonomy":"category","embeddable":true,"href":"https:\/\/diocesisplasencia.org\/hemeroteca\/wp-json\/wp\/v2\/categories?post=3180"},{"taxonomy":"post_tag","embeddable":true,"href":"https:\/\/diocesisplasencia.org\/hemeroteca\/wp-json\/wp\/v2\/tags?post=3180"}],"curies":[{"name":"wp","href":"https:\/\/api.w.org\/{rel}","templated":true}]}}