{"id":3171,"date":"2016-01-07T10:52:00","date_gmt":"2016-01-07T09:52:00","guid":{"rendered":"http:\/\/www.diocesisplasencia.org\/w\/?p=3171"},"modified":"2016-01-07T10:52:00","modified_gmt":"2016-01-07T09:52:00","slug":"semana-de-oracin-por-la-unidad-de-los-cristianos-3","status":"publish","type":"post","link":"https:\/\/diocesisplasencia.org\/hemeroteca\/semana-de-oracin-por-la-unidad-de-los-cristianos-3\/","title":{"rendered":"Semana de Oraci\u00f3n por la Unidad de los Cristianos"},"content":{"rendered":"<p><a href=\"http:\/\/www.diocesisplasencia.org\/w\/wp-content\/uploads\/2015\/Semana-de-Oracin-por-la-Unidad-de-los-Cr_974C\/2016_semana_oracion_unidad_cristianos_cartel.jpg\"><img decoding=\"async\" style=\"background-image: none; border-right-width: 0px; margin: 0px auto; padding-left: 0px; padding-right: 0px; display: block; float: none; border-top-width: 0px; border-bottom-width: 0px; border-left-width: 0px; padding-top: 0px\" title=\"2016_semana_oracion_unidad_cristianos_cartel\" border=\"0\" alt=\"2016_semana_oracion_unidad_cristianos_cartel\" src=\"http:\/\/www.diocesisplasencia.org\/w\/wp-content\/uploads\/2015\/Semana-de-Oracin-por-la-Unidad-de-los-Cr_974C\/2016_semana_oracion_unidad_cristianos_cartel_thumb.jpg\" width=\"244\" height=\"173\"><\/a>Del 18 al 25 de enero de 2016 se celebrar\u00e1 en la Iglesia de las Capuchinas de Plasencia (Calle de Los Quesos n\u00ba13), la Semana de Oraci\u00f3n por la Unidad de los Cristianos. El horario ser\u00e1 el mismo para todos los d\u00edas, las 5 de la tarde. <\/p>\n<p><!--more--><\/p>\n<p>A continuaci\u00f3n les indicamos el detalle de las celebraciones de cada d\u00eda:  <\/p>\n<ul>\n<li>Lunes, 18:\n<ul>\n<li>PRESIDE PARROQUIA DE SAN ESTEBAN Y ADORACI\u00d3N NOCTURNA MASCULINA <\/li>\n<\/ul>\n<li>Martes, 19:\n<ul>\n<li>PRESIDE PARROQUIA DE SANTE ELENA, CON LAS COMUNIDADES NEOCATECUMENALES. <\/li>\n<\/ul>\n<li>Mi\u00e9rcoles, 20:\n<ul>\n<li>PRESIDE PARROQUIA DE El SALVADOR Y ADORACI\u00d3N NOCTURNA FEMENINA Y CARITAS DIOCESANA. <\/li>\n<\/ul>\n<li>Jueves, 21:\n<ul>\n<li>PRESIDE CONFER DIOCESANA DE PLASENCIA <\/li>\n<\/ul>\n<li>Viernes, 22:\n<li>PRESIDE PARROQUIA DE SAN NICOL\u00c1S, Y LA UNI\u00d3N DE COFRAD\u00cdAS PENITENCIALES DE PLASENCIA.\n<li>S\u00e1bado, 23:\n<ul>\n<li>PRESIDE RECTOR Y COMUNIDAD DEL SEMINARIO DIOCESANO DE PLASENCIA. <\/li>\n<\/ul>\n<li>Domingo, 24:\n<ul>\n<li>PRESIDE IGLESIA REFORMADA EVANG\u00c9LICA DE PLASENCIA. <\/li>\n<\/ul>\n<li>Lunes, 25:\n<ul>\n<li>PRESIDE EL SR. OBISPO, CON LA DELEGACI\u00d3N DIOCESANA DE PLASENCIA <\/li>\n<\/ul>\n<\/li>\n<\/ul>\n<p align=\"center\"><em>\u00abDestinados a proclamar las grandezas del Se\u00f1or\u00bb(Cfr.\u00edPd.2,9) <br \/>Organiza Delegaci\u00f3n Diocesana de Ecumenismo<\/em><\/p>\n<ul><\/ul>\n","protected":false},"excerpt":{"rendered":"<p>Del 18 al 25 de enero de 2016 se celebrar\u00e1 en la Iglesia de las Capuchinas de Plasencia (Calle de Los Quesos n\u00ba13), la Semana de Oraci\u00f3n por la Unidad de los Cristianos. El horario ser\u00e1 el mismo para todos los d\u00edas, las 5 de&#8230;<\/p>\n","protected":false},"author":1,"featured_media":0,"comment_status":"closed","ping_status":"closed","sticky":false,"template":"","format":"standard","meta":{"footnotes":""},"categories":[23],"tags":[],"_links":{"self":[{"href":"https:\/\/diocesisplasencia.org\/hemeroteca\/wp-json\/wp\/v2\/posts\/3171"}],"collection":[{"href":"https:\/\/diocesisplasencia.org\/hemeroteca\/wp-json\/wp\/v2\/posts"}],"about":[{"href":"https:\/\/diocesisplasencia.org\/hemeroteca\/wp-json\/wp\/v2\/types\/post"}],"author":[{"embeddable":true,"href":"https:\/\/diocesisplasencia.org\/hemeroteca\/wp-json\/wp\/v2\/users\/1"}],"replies":[{"embeddable":true,"href":"https:\/\/diocesisplasencia.org\/hemeroteca\/wp-json\/wp\/v2\/comments?post=3171"}],"version-history":[{"count":0,"href":"https:\/\/diocesisplasencia.org\/hemeroteca\/wp-json\/wp\/v2\/posts\/3171\/revisions"}],"wp:attachment":[{"href":"https:\/\/diocesisplasencia.org\/hemeroteca\/wp-json\/wp\/v2\/media?parent=3171"}],"wp:term":[{"taxonomy":"category","embeddable":true,"href":"https:\/\/diocesisplasencia.org\/hemeroteca\/wp-json\/wp\/v2\/categories?post=3171"},{"taxonomy":"post_tag","embeddable":true,"href":"https:\/\/diocesisplasencia.org\/hemeroteca\/wp-json\/wp\/v2\/tags?post=3171"}],"curies":[{"name":"wp","href":"https:\/\/api.w.org\/{rel}","templated":true}]}}