{"id":3131,"date":"2015-12-21T11:29:00","date_gmt":"2015-12-21T10:29:00","guid":{"rendered":"http:\/\/www.diocesisplasencia.org\/w\/?p=3131"},"modified":"2015-12-21T11:29:00","modified_gmt":"2015-12-21T10:29:00","slug":"el-obispo-felicit-la-navidad-a-los-nios","status":"publish","type":"post","link":"https:\/\/diocesisplasencia.org\/hemeroteca\/el-obispo-felicit-la-navidad-a-los-nios\/","title":{"rendered":"El obispo felicit\u00f3 la Navidad a los ni\u00f1os"},"content":{"rendered":"<p><img decoding=\"async\" style=\"background-image: none; border-bottom: 0px; border-left: 0px; margin: 0px auto; padding-left: 0px; padding-right: 0px; display: block; float: none; border-top: 0px; border-right: 0px; padding-top: 0px\" title=\"10399900_746272308837414_1700993049454371130_n\" border=\"0\" alt=\"10399900_746272308837414_1700993049454371130_n\" src=\"http:\/\/www.diocesisplasencia.org\/w\/wp-content\/uploads\/2015\/El-obispo-felicit-la-Navidad-a-los-nios_A17D\/10399900_746272308837414_1700993049454371130_n.jpg\" width=\"244\" height=\"165\">El <b>domingo<\/b>,<b> 20<\/b> <b>de diciembre, a las 12.00<\/b> <b>horas, en la Santa Iglesia Catedral de Plasencia, <\/b>el <b>Se\u00f1or Obispo felicit\u00f3 la Navidad a todos los ni\u00f1os<\/b> de la Di\u00f3cesis. Como es tradici\u00f3n durante la Eucarist\u00eda<b>,<\/b> Monse\u00f1or Rodr\u00edguez Magro bendijo las figuritas del nacimiento que los ni\u00f1os trajeron de sus casas. Adem\u00e1s recibi\u00f3 la Luz de la Paz de Bel\u00e9n de manos de miembros del Movimiento Scout Cat\u00f3lico de la ciudad. Al t\u00e9rmino de la misa todos los asistentes recibieron la Luz de la Paz de Bel\u00e9n y cantaron un villacinco.<\/p>\n<p><!--more--><\/p>\n<p>Desde hace varios a\u00f1os el Movimiento Scout Cat\u00f3lico de Plasencia reparte Paz con el s\u00edmbolo de la luz entre todos sus miembros. Una actividad asociativa de gran importancia, la Luz de la Paz pretende dar herramientas de reflexi\u00f3n a los grupos para luego celebrarlo en un acto com\u00fan de toda la Asociaci\u00f3n. Tambi\u00e9n es una actividad que se abre a la sociedad: la intenci\u00f3n de que esta celebraci\u00f3n no se quede solo en el ambiente Scout, sino del especial \u00e9nfasis en transmitir ese mensaje de paz haciendo part\u00edcipes a las instituciones y a los n\u00facleos importantes de la vida de la ciudad de Plasencia y llevar este mensaje inspirados por aquel que nace en Bel\u00e9n como una esperanza de paz y entendimiento entre todos.  <\/p>\n<p>Cada a\u00f1o, un ni\u00f1o del norte de Austria recoge la luz de la gruta donde naci\u00f3 Jes\u00fas en Bel\u00e9n y la lleva a la Catedral de Viena desde donde se distribuye el s\u00e1bado anterior a Navidad. Delegaciones Scout asisten a la celebraci\u00f3n para llevar la Luz a su pa\u00eds, con un mensaje de Paz. De una de estas delegaciones, la de Salamanca la recogen los grupos de Plasencia y despu\u00e9s de una Misa en la Catedral, presidida por el obispo,&nbsp; los Scouts pueden recogerla y llevarla a otras iglesias, casas particulares, monasterios, residencias de ancianos, lugares p\u00fablicos y de importancia cultural y a cualquier lugar donde se aprecie su significado.<\/p>\n<div class=\"fb-post\" data-href=\"https:\/\/www.facebook.com\/media\/set\/?set=a.746271442170834.1073741888.241822302615753&amp;type=1&amp;l=4920844ae7\" data-width=\"500\">\n<div class=\"fb-xfbml-parse-ignore\">\n<blockquote cite=\"https:\/\/www.facebook.com\/media\/set\/?set=a.746271442170834.1073741888.241822302615753&amp;type=3\"><\/blockquote>\n<\/div>\n<\/div>\n","protected":false},"excerpt":{"rendered":"<p>El domingo, 20 de diciembre, a las 12.00 horas, en la Santa Iglesia Catedral de Plasencia, el Se\u00f1or Obispo felicit\u00f3 la Navidad a todos los ni\u00f1os de la Di\u00f3cesis. Como es tradici\u00f3n durante la Eucarist\u00eda, Monse\u00f1or Rodr\u00edguez Magro bendijo las figuritas del nacimiento que los&#8230;<\/p>\n","protected":false},"author":1,"featured_media":0,"comment_status":"closed","ping_status":"closed","sticky":false,"template":"","format":"standard","meta":{"footnotes":""},"categories":[19],"tags":[],"_links":{"self":[{"href":"https:\/\/diocesisplasencia.org\/hemeroteca\/wp-json\/wp\/v2\/posts\/3131"}],"collection":[{"href":"https:\/\/diocesisplasencia.org\/hemeroteca\/wp-json\/wp\/v2\/posts"}],"about":[{"href":"https:\/\/diocesisplasencia.org\/hemeroteca\/wp-json\/wp\/v2\/types\/post"}],"author":[{"embeddable":true,"href":"https:\/\/diocesisplasencia.org\/hemeroteca\/wp-json\/wp\/v2\/users\/1"}],"replies":[{"embeddable":true,"href":"https:\/\/diocesisplasencia.org\/hemeroteca\/wp-json\/wp\/v2\/comments?post=3131"}],"version-history":[{"count":0,"href":"https:\/\/diocesisplasencia.org\/hemeroteca\/wp-json\/wp\/v2\/posts\/3131\/revisions"}],"wp:attachment":[{"href":"https:\/\/diocesisplasencia.org\/hemeroteca\/wp-json\/wp\/v2\/media?parent=3131"}],"wp:term":[{"taxonomy":"category","embeddable":true,"href":"https:\/\/diocesisplasencia.org\/hemeroteca\/wp-json\/wp\/v2\/categories?post=3131"},{"taxonomy":"post_tag","embeddable":true,"href":"https:\/\/diocesisplasencia.org\/hemeroteca\/wp-json\/wp\/v2\/tags?post=3131"}],"curies":[{"name":"wp","href":"https:\/\/api.w.org\/{rel}","templated":true}]}}