{"id":3079,"date":"2015-12-10T13:19:32","date_gmt":"2015-12-10T12:19:32","guid":{"rendered":"http:\/\/www.diocesisplasencia.org\/w\/?p=3079"},"modified":"2015-12-10T13:19:32","modified_gmt":"2015-12-10T12:19:32","slug":"apertura-del-ao-de-la-misericordia-en-la-dicesis","status":"publish","type":"post","link":"https:\/\/diocesisplasencia.org\/hemeroteca\/apertura-del-ao-de-la-misericordia-en-la-dicesis\/","title":{"rendered":"Apertura del A\u00f1o de la Misericordia en la Di\u00f3cesis"},"content":{"rendered":"<p><a href=\"http:\/\/www.diocesisplasencia.org\/w\/wp-content\/uploads\/2015\/Apertura-del-Ao-de-la-Misericordia-en-la_BAAD\/CARTELOK.jpg\"><img fetchpriority=\"high\" decoding=\"async\" title=\"CARTELOK\" style=\"border-left-width: 0px; border-right-width: 0px; background-image: none; border-bottom-width: 0px; padding-top: 0px; padding-left: 0px; display: inline; padding-right: 0px; border-top-width: 0px\" border=\"0\" alt=\"CARTELOK\" src=\"http:\/\/www.diocesisplasencia.org\/w\/wp-content\/uploads\/2015\/Apertura-del-Ao-de-la-Misericordia-en-la_BAAD\/CARTELOK_thumb.jpg\" width=\"383\" height=\"572\"><\/a><\/p>\n<p>El pr\u00f3ximo <b>domingo d\u00eda 13 de diciembre a las cinco de la tarde<\/b> se llevar\u00e1 a cabo la <b>Apertura de la Puerta Santa de la Catedral de Plasencia<\/b> para dar inicio en la Di\u00f3cesis al A\u00f1o Jubilar de la Misericordia convocado por el Papa.<\/p>\n<p><!--more--><\/p>\n<p><b>Programa<\/b>  <\/p>\n<p>17.00 h En la puerta del Seminario se inicia el rito de apertura de la Puerta Santa con la lectura de un texto del Evangelio y parte de la Bula da por el Papa por este A\u00f1o de la Misericordia.  <\/p>\n<p>A continuaci\u00f3n se llevar\u00e1 a cabo una peregrinaci\u00f3n por el postigo de Santa Mar\u00eda hacia la puerta del Enlosado de la Catedral, donde el Se\u00f1or Obispo con el rito de la apertura abrir\u00e1 la misma portando el Evangelio.  <\/p>\n<p>El p\u00fablico desde el interior de la catedral podr\u00e1 seguir todo el rito de la apertura y la posterior Eucarist\u00eda, a trav\u00e9s de pantallas instaladas por todo el templo catedralicio.  <\/p>\n<p><b>LA CATEDRAL<\/b>  <\/p>\n<p>La catedral de Plasencia ser\u00e1 el lugar jubilar para toda la Di\u00f3cesis de Plasencia. Peregrinando a la&nbsp; misma, en las condiciones propias del Jubileo, se alcanzar\u00e1 la gracia de la indulgencia. El cabildo catedralicio dar\u00e1 las indicaciones para el mejor desarrollo de las peregrinaciones.  <\/p>\n<p><b>JUBILEOS ESPECIALES<\/b>  <\/p>\n<p>Adem\u00e1s de las peregrinaciones jubilares a la Catedral que organicen las parroquias, arciprestazgos y grupos eclesiales se han programado los siguientes Jubileos Especiales:  <\/p>\n<p>Jubileo de las Familias\u2026\u2026\u2026\u2026\u2026\u2026\u2026\u2026\u2026\u2026\u2026\u2026\u202627 de diciembre.  <\/p>\n<p>Jubileo de los Catequistas\u2026\u2026\u2026\u2026\u2026\u2026\u2026\u2026\u2026\u2026..23 de enero.  <\/p>\n<p>Jubileo Vida Consagrada\u2026\u2026\u2026\u2026\u2026\u2026\u2026\u2026\u2026\u2026\u2026\u20262 de febrero.  <\/p>\n<p>Jubileo Hermandades y Cofrad\u00edas\u2026\u2026\u2026\u2026\u2026\u202614 de febrero.  <\/p>\n<p>Jubileo de los Adolescentes y J\u00f3venes\u2026\u2026\u2026.19 de marzo.  <\/p>\n<p>Jubileo de los sacerdotes\u2026\u2026\u2026\u2026\u2026\u2026\u2026\u2026\u2026\u2026\u202623 de marzo.  <\/p>\n<p>Jubileo de los ni\u00f1os\u2026\u2026\u2026\u2026\u2026\u2026\u2026\u2026\u2026\u2026\u2026\u2026\u2026\u2026.9 de abril.  <\/p>\n<p>Jubileo del mundo de la cultura\u2026\u2026\u2026\u2026\u2026\u2026\u2026.16 de abril.  <\/p>\n<p>Jubileo Mundo Obrero\u2026\u2026\u2026\u2026\u2026\u2026\u2026\u2026\u2026\u2026\u2026\u2026.30 de abril.  <\/p>\n<p>Jubileo Enfermos\u2026\u2026\u2026\u2026\u2026\u2026\u2026\u2026\u2026\u2026\u2026\u2026\u2026\u2026\u2026\u20261 de abril.  <\/p>\n<p>Jubileo de voluntarios Misericordia\u2026\u2026\u2026\u2026\u2026..18 de junio.  <\/p>\n<p>Jubileo de agrupaciones corales\u2026\u2026\u2026\u2026\u2026\u2026\u2026\u202619 de noviembre.  <\/p>\n<p>CLAUSURA\u2026\u2026\u2026\u2026\u2026\u2026\u2026\u2026\u2026\u2026\u2026\u2026\u2026\u2026\u2026\u2026\u2026\u2026\u2026\u2026.20 de noviembre.  <\/p>\n<p><b>APEADEROS DE LA MISERICORDIA<\/b>  <\/p>\n<p>Son los siguientes lugares en los que prevenir o prolongar el itinerario del peregrino: Santuarios o Ermitas de Nuestra Se\u00f1ora de las Angustias en Navalmoral de la Mata, en el de Nuestra Se\u00f1ora del Casta\u00f1ar de B\u00e9jar, en el de la Virgen del Puerto de Plasencia, en el de la Virgen de las Cruces en Don Benito.  <\/p>\n<p>Encontraremos a Cristo, rostro del amor misericordioso del Padre, en las ermitas del Sant\u00edsimo Cristo de la Salud de Herv\u00e1s, Sant\u00edsimo Cristo de la Victoria de Serradilla, Sant\u00edsimo Cristo de la Salud de Trujillo, Sant\u00edsimo Cristo de las Aguas de Guare\u00f1a.  <\/p>\n<p>Consideramos tambi\u00e9n apeaderos privilegiados las dos parroquias de la Divina Misericordia: al de San Miguel de Plasencia y la de Santa Mar\u00eda. Tambi\u00e9n ser\u00e1n un apeadero el Monasterio de Yuste, con la Virgen de Chestokova y San Juan Pablo II.  <\/p>\n<p>En todos estos lugares se pueden preparar los peregrinos o ser acogidos tras haber pasado por la Puerta Santa.<\/p>\n","protected":false},"excerpt":{"rendered":"<p>El pr\u00f3ximo domingo d\u00eda 13 de diciembre a las cinco de la tarde se llevar\u00e1 a cabo la Apertura de la Puerta Santa de la Catedral de Plasencia para dar inicio en la Di\u00f3cesis al A\u00f1o Jubilar de la Misericordia convocado por el Papa.<\/p>\n","protected":false},"author":1,"featured_media":0,"comment_status":"closed","ping_status":"closed","sticky":false,"template":"","format":"standard","meta":{"footnotes":""},"categories":[19],"tags":[],"_links":{"self":[{"href":"https:\/\/diocesisplasencia.org\/hemeroteca\/wp-json\/wp\/v2\/posts\/3079"}],"collection":[{"href":"https:\/\/diocesisplasencia.org\/hemeroteca\/wp-json\/wp\/v2\/posts"}],"about":[{"href":"https:\/\/diocesisplasencia.org\/hemeroteca\/wp-json\/wp\/v2\/types\/post"}],"author":[{"embeddable":true,"href":"https:\/\/diocesisplasencia.org\/hemeroteca\/wp-json\/wp\/v2\/users\/1"}],"replies":[{"embeddable":true,"href":"https:\/\/diocesisplasencia.org\/hemeroteca\/wp-json\/wp\/v2\/comments?post=3079"}],"version-history":[{"count":0,"href":"https:\/\/diocesisplasencia.org\/hemeroteca\/wp-json\/wp\/v2\/posts\/3079\/revisions"}],"wp:attachment":[{"href":"https:\/\/diocesisplasencia.org\/hemeroteca\/wp-json\/wp\/v2\/media?parent=3079"}],"wp:term":[{"taxonomy":"category","embeddable":true,"href":"https:\/\/diocesisplasencia.org\/hemeroteca\/wp-json\/wp\/v2\/categories?post=3079"},{"taxonomy":"post_tag","embeddable":true,"href":"https:\/\/diocesisplasencia.org\/hemeroteca\/wp-json\/wp\/v2\/tags?post=3079"}],"curies":[{"name":"wp","href":"https:\/\/api.w.org\/{rel}","templated":true}]}}