{"id":2994,"date":"2015-10-27T10:45:00","date_gmt":"2015-10-27T09:45:00","guid":{"rendered":"http:\/\/www.diocesisplasencia.org\/w\/?p=2994"},"modified":"2015-10-27T10:45:00","modified_gmt":"2015-10-27T09:45:00","slug":"con-tu-historia-y-con-la-ma-se-teje-la-vida-de-nuestra-dicesis","status":"publish","type":"post","link":"https:\/\/diocesisplasencia.org\/hemeroteca\/con-tu-historia-y-con-la-ma-se-teje-la-vida-de-nuestra-dicesis\/","title":{"rendered":"Con tu historia y con la m\u00eda, se teje la vida de nuestra Di\u00f3cesis"},"content":{"rendered":"<div style=\"padding-bottom: 0px; margin: 0px; padding-left: 0px; padding-right: 0px; display: inline; float: none; padding-top: 0px\" id=\"scid:8eb9d37f-1541-4f29-b6f4-1eea890d4876:9365c59e-7238-47bc-8ad7-7dd48dd3debd\" class=\"wlWriterEditableSmartContent\">\n<p><div><a href=\"http:\/\/www.diocesisplasencia.org\/w\/wp-content\/uploads\/2015\/Con-tu-historia-y-con-la-ma-se-teje-la-v_96B9\/dia_iglesia_diocesana_2015.pdf\" target=\"_blank\" rel=\"noopener noreferrer\">DESCARGAR<\/a><\/div>\n<\/div>\n<p><a href=\"http:\/\/www.diocesisplasencia.org\/w\/wp-content\/uploads\/2015\/Con-tu-historia-y-con-la-ma-se-teje-la-v_96B9\/foto-pg-3.jpg\"><img decoding=\"async\" style=\"background-image: none; border-right-width: 0px; margin: 0px auto; padding-left: 0px; padding-right: 0px; display: block; float: none; border-top-width: 0px; border-bottom-width: 0px; border-left-width: 0px; padding-top: 0px\" title=\"foto p&aacute;g 3\" border=\"0\" alt=\"foto p&aacute;g 3\" src=\"http:\/\/www.diocesisplasencia.org\/w\/wp-content\/uploads\/2015\/Con-tu-historia-y-con-la-ma-se-teje-la-v_96B9\/foto-pg-3_thumb.jpg\" width=\"171\" height=\"244\"><\/a>  <\/p>\n<p>Queridos diocesanos:  <\/p>\n<p>Todos somos la misma Iglesia del Se\u00f1or; y lo somos en el d\u00eda a d\u00eda de nuestra Iglesia diocesana, a la que pertenece nuestra parroquia, lugar fundamental de nuestra experiencia cristiana. Las parroquias, en la Di\u00f3cesis, son el \u00e1mbito habitual en el que desarrollamos nuestra condici\u00f3n de cristianos bautizados. <\/p>\n<p><!--more-->Por ellas transitamos desde que recibimos el agua del Bautismo, acompa\u00f1ados siempre por el est\u00edmulo comunitario que nos ofrece la vida de los otros. Se puede decir que cada parroquia, en el conjunto de sus fieles, es la catequesis viviente en la que cada bautizado se va introduciendo, tanto cuando da los primeros pasos de su iniciaci\u00f3n, como a lo largo de toda la vida.  <\/p>\n<p>&nbsp; <\/p>\n<p>Sin embargo, esa vida comunitaria que compartimos en nuestras parroquias no anula nuestra experiencia cristiana individual. Del mismo modo que el trato de Dios con nosotros es personal, cada uno de nosotros, en su libre respeusta, es una historia que se elabora en lo que hacemos, sentimos y buscamos cada d\u00eda, aunque todo lo hagamos en la comuni\u00f3n de la Iglesia. La historia de nuestra vida cristiana la vamos hilvanando en las diversas manifestaciones de nuestra identidad cristiana: en la oraci\u00f3n, en la participaci\u00f3n en los sacramentos, en la escucha y el servicio de la Palabra, en el testimonio, en la fraternidad y en la caridad que sentimos y vivimos. Es justamente con nuestra historia individual como, entre todos, alimentamos y enriquecemos el devenir de la Iglesia, es decir, como construimos su gran historia. El lema de este a\u00f1o para el d\u00eda de la <b>Iglesia diocesana<\/b> me parece realmente precioso: <b><i>\u201cUna Iglesia y miles de historias gracias a ti\u201d.<\/i><\/b> Eso tiene como consecuencia que con tu historia y con la m\u00eda se teje la vida de nuestra Di\u00f3cesis de Plasencia.  <\/p>\n<p>Como muy bien sab\u00e9is, nuestra Iglesia realiza su caminar diario por toda nuestra geograf\u00eda rica, diversa y plural cargada con una gran mochila llena de ilusiones y de proyectos concretos, los que vamos haciendo entre todos: unos son de evangelizaci\u00f3n, como ahora la Misi\u00f3n Diocesana, otros de transmisi\u00f3n de la fe, otros de espiritualidad, otros de celebraci\u00f3n de los sacramentos, otros de fraternidad cada d\u00eda m\u00e1s s\u00f3lida entre nosotros y otros de servicio generoso en favor de los m\u00e1s humildes y excluidos, con lo proyectos sociales que promueve, sobre todo, C\u00e1ritas Diocesana, y siempre con esa sensibilidad que nos hace tener una actitud de servicio a flor de piel.  <\/p>\n<p>Es para esos proyectos que tenemos para lo que os pido que ayud\u00e9is, que colabor\u00e9is, que no os qued\u00e9is al margen de esta historia nuestra diocesana. Os lo digo a los ni\u00f1os, a los j\u00f3venes, a las familias, a los mayores, a los enfermos, a los catequistas, a los educadores, a los voluntarios, a los contemplativos y contemplativas, a los consagrados, a los sacerdotes\u2026 a los que busc\u00e1is a Dios y a todos cuantos viv\u00eds de la fe en el territorio de nuestra Iglesia diocesana de Plasencia. Y si os fi\u00e1is de nosotros, aunque no compart\u00e1is nuestra fe, os lo digo y pido a todos y a todas cuantos conviv\u00eds con nosotros en esta tierra en la que estamos para servir como Iglesia del Se\u00f1or,  <\/p>\n<p>Con mi afecto y bendici\u00f3n.  <\/p>\n<p>+ Amadeo Rodr\u00edguez Magro, Obispo de Plasencia<\/p>\n","protected":false},"excerpt":{"rendered":"<p>DESCARGAR Queridos diocesanos: Todos somos la misma Iglesia del Se\u00f1or; y lo somos en el d\u00eda a d\u00eda de nuestra Iglesia diocesana, a la que pertenece nuestra parroquia, lugar fundamental de nuestra experiencia cristiana. Las parroquias, en la Di\u00f3cesis, son el \u00e1mbito habitual en el&#8230;<\/p>\n","protected":false},"author":1,"featured_media":0,"comment_status":"closed","ping_status":"closed","sticky":false,"template":"","format":"standard","meta":{"footnotes":""},"categories":[19],"tags":[],"_links":{"self":[{"href":"https:\/\/diocesisplasencia.org\/hemeroteca\/wp-json\/wp\/v2\/posts\/2994"}],"collection":[{"href":"https:\/\/diocesisplasencia.org\/hemeroteca\/wp-json\/wp\/v2\/posts"}],"about":[{"href":"https:\/\/diocesisplasencia.org\/hemeroteca\/wp-json\/wp\/v2\/types\/post"}],"author":[{"embeddable":true,"href":"https:\/\/diocesisplasencia.org\/hemeroteca\/wp-json\/wp\/v2\/users\/1"}],"replies":[{"embeddable":true,"href":"https:\/\/diocesisplasencia.org\/hemeroteca\/wp-json\/wp\/v2\/comments?post=2994"}],"version-history":[{"count":0,"href":"https:\/\/diocesisplasencia.org\/hemeroteca\/wp-json\/wp\/v2\/posts\/2994\/revisions"}],"wp:attachment":[{"href":"https:\/\/diocesisplasencia.org\/hemeroteca\/wp-json\/wp\/v2\/media?parent=2994"}],"wp:term":[{"taxonomy":"category","embeddable":true,"href":"https:\/\/diocesisplasencia.org\/hemeroteca\/wp-json\/wp\/v2\/categories?post=2994"},{"taxonomy":"post_tag","embeddable":true,"href":"https:\/\/diocesisplasencia.org\/hemeroteca\/wp-json\/wp\/v2\/tags?post=2994"}],"curies":[{"name":"wp","href":"https:\/\/api.w.org\/{rel}","templated":true}]}}