{"id":2970,"date":"2015-10-20T11:35:30","date_gmt":"2015-10-20T10:35:30","guid":{"rendered":"http:\/\/www.diocesisplasencia.org\/w\/?p=2970"},"modified":"2015-10-20T11:35:30","modified_gmt":"2015-10-20T10:35:30","slug":"arranca-el-programa-de-formacin-de-la-dicesis","status":"publish","type":"post","link":"https:\/\/diocesisplasencia.org\/hemeroteca\/arranca-el-programa-de-formacin-de-la-dicesis\/","title":{"rendered":"Arranca el programa de formaci\u00f3n de la Di\u00f3cesis"},"content":{"rendered":"<p><a href=\"http:\/\/www.diocesisplasencia.org\/w\/wp-content\/uploads\/2015\/Arranca-el-programa-de-formacin-de-la-Di_AF34\/Scan10013.jpg\"><img fetchpriority=\"high\" decoding=\"async\" title=\"Scan10013\" style=\"border-left-width: 0px; border-right-width: 0px; background-image: none; border-bottom-width: 0px; padding-top: 0px; padding-left: 0px; display: inline; padding-right: 0px; border-top-width: 0px\" border=\"0\" alt=\"Scan10013\" src=\"http:\/\/www.diocesisplasencia.org\/w\/wp-content\/uploads\/2015\/Arranca-el-programa-de-formacin-de-la-Di_AF34\/Scan10013_thumb.jpg\" width=\"457\" height=\"325\"><\/a>  <\/p>\n<p>Un a\u00f1o m\u00e1s la <b>Formaci\u00f3n Permanente del Clero<\/b> comienza un nuevo curso en Plasencia, el <b><i>22 de octubre con la presentaci\u00f3n de la Enc\u00edclica Laudato s\u00ed<\/i><\/b>, a cargo de Fernando Garc\u00eda, profesor de Moral Social, Facultad de Teolog\u00eda, Burgos.<\/p>\n<p><!--more--><\/p>\n<p>El objetivo de esta formaci\u00f3n es acoger y profundizar distintos temas sugeridos por el Papa Francisco en la bula Misericordiae vultus. Temas que abarcan aspectos teol\u00f3gicos, \u00e9ticos, sociales y pastorales relacionados con la misericordia. Las sedes de la Formaci\u00f3n Permanente para el Clero Diocesano son dos: <b>Plasencia<\/b>, para la zona norte de la Di\u00f3cesis, en la sede del Instituto situada en el <b>Palacio Episcopal<\/b> y <b>Trujillo,<\/b> para la zona sur, en la casa de espiritualidad <b>San Clemente<\/b>.  <\/p>\n<p>Paralelamente la <b>C\u00e1tedra Juan Pablo II<\/b> del Instituto Teol\u00f3gico de Estudios Pastorales, pone <b><u>a disposici\u00f3n del p\u00fablico general<\/u><\/b> algunos temas de la programaci\u00f3n formativa de los sacerdotes, <i>con la finalidad de llevar el Evangelio a todos los ambientes de la sociedad<\/i>, procurando la transformaci\u00f3n de la misma humanidad. Es un espacio participativo de estudio y difusi\u00f3n de la doctrina de la Iglesia. Cuenta con dos sedes, una para la zona norte de la Di\u00f3cesis en <b>Plasencia<\/b>, en el <b>Seminario Diocesano<\/b> y otra en <b>Don Benito<\/b> para la zona sur en la <b>Casa de Cultura<\/b> de la calle Groizard.  <\/p>\n<p><b><i><u><a href=\"http:\/\/www.diocesisplasencia.org\/w\/wp-content\/uploads\/2015\/Arranca-el-programa-de-formacin-de-la-Di_AF34\/Don-Benito.jpg\"><img decoding=\"async\" title=\"Don Benito\" style=\"border-left-width: 0px; border-right-width: 0px; background-image: none; border-bottom-width: 0px; padding-top: 0px; padding-left: 0px; display: inline; padding-right: 0px; border-top-width: 0px\" border=\"0\" alt=\"Don Benito\" src=\"http:\/\/www.diocesisplasencia.org\/w\/wp-content\/uploads\/2015\/Arranca-el-programa-de-formacin-de-la-Di_AF34\/Don-Benito_thumb.jpg\" width=\"457\" height=\"385\"><\/a><\/u><\/i><\/b>  <\/p>\n<p><b><i><u><\/u><\/i><\/b>&nbsp; <\/p>\n<p><b><i><u><a href=\"http:\/\/www.diocesisplasencia.org\/w\/wp-content\/uploads\/2015\/Arranca-el-programa-de-formacin-de-la-Di_AF34\/Plasencia.jpg\"><img decoding=\"async\" title=\"Plasencia\" style=\"border-left-width: 0px; border-right-width: 0px; background-image: none; border-bottom-width: 0px; padding-top: 0px; padding-left: 0px; display: inline; padding-right: 0px; border-top-width: 0px\" border=\"0\" alt=\"Plasencia\" src=\"http:\/\/www.diocesisplasencia.org\/w\/wp-content\/uploads\/2015\/Arranca-el-programa-de-formacin-de-la-Di_AF34\/Plasencia_thumb.jpg\" width=\"458\" height=\"373\"><\/a><\/u><\/i><\/b>  <\/p>\n<p><b><i><u>En Plasencia la primera sesi\u00f3n ser\u00e1 el 21 de octubre, a las 20.00 horas, con la presentaci\u00f3n de la Enc\u00edclica Laudato s\u00ed<\/u><\/i><\/b> y <em><u><strong>en Don Benito el 28 con la lectura teol\u00f3gico-pastoral de la Bula Misericordiae vultus, a cargo del profesor de Teolog\u00eda de la Universidad Pontificia de Salamanca Jos\u00e9 Mar\u00eda de Miguel.<\/strong><\/u><\/em><\/p>\n","protected":false},"excerpt":{"rendered":"<p>Un a\u00f1o m\u00e1s la Formaci\u00f3n Permanente del Clero comienza un nuevo curso en Plasencia, el 22 de octubre con la presentaci\u00f3n de la Enc\u00edclica Laudato s\u00ed, a cargo de Fernando Garc\u00eda, profesor de Moral Social, Facultad de Teolog\u00eda, Burgos.<\/p>\n","protected":false},"author":1,"featured_media":0,"comment_status":"closed","ping_status":"closed","sticky":false,"template":"","format":"standard","meta":{"footnotes":""},"categories":[19],"tags":[],"_links":{"self":[{"href":"https:\/\/diocesisplasencia.org\/hemeroteca\/wp-json\/wp\/v2\/posts\/2970"}],"collection":[{"href":"https:\/\/diocesisplasencia.org\/hemeroteca\/wp-json\/wp\/v2\/posts"}],"about":[{"href":"https:\/\/diocesisplasencia.org\/hemeroteca\/wp-json\/wp\/v2\/types\/post"}],"author":[{"embeddable":true,"href":"https:\/\/diocesisplasencia.org\/hemeroteca\/wp-json\/wp\/v2\/users\/1"}],"replies":[{"embeddable":true,"href":"https:\/\/diocesisplasencia.org\/hemeroteca\/wp-json\/wp\/v2\/comments?post=2970"}],"version-history":[{"count":0,"href":"https:\/\/diocesisplasencia.org\/hemeroteca\/wp-json\/wp\/v2\/posts\/2970\/revisions"}],"wp:attachment":[{"href":"https:\/\/diocesisplasencia.org\/hemeroteca\/wp-json\/wp\/v2\/media?parent=2970"}],"wp:term":[{"taxonomy":"category","embeddable":true,"href":"https:\/\/diocesisplasencia.org\/hemeroteca\/wp-json\/wp\/v2\/categories?post=2970"},{"taxonomy":"post_tag","embeddable":true,"href":"https:\/\/diocesisplasencia.org\/hemeroteca\/wp-json\/wp\/v2\/tags?post=2970"}],"curies":[{"name":"wp","href":"https:\/\/api.w.org\/{rel}","templated":true}]}}