{"id":2868,"date":"2015-08-05T10:15:23","date_gmt":"2015-08-05T09:15:23","guid":{"rendered":"http:\/\/www.diocesisplasencia.org\/w\/?p=2868"},"modified":"2015-08-05T10:15:23","modified_gmt":"2015-08-05T09:15:23","slug":"novena-de-nuestra-seora-de-la-asuncin-en-la-catedral-de-plasencia","status":"publish","type":"post","link":"https:\/\/diocesisplasencia.org\/hemeroteca\/novena-de-nuestra-seora-de-la-asuncin-en-la-catedral-de-plasencia\/","title":{"rendered":"Novena de Nuestra Se\u00f1ora de la Asunci\u00f3n en la Catedral de Plasencia"},"content":{"rendered":"<p><a href=\"http:\/\/www.diocesisplasencia.org\/w\/wp-content\/uploads\/2015\/Novena-de-Nuestra-Seora-de-la-Asuncin-en_9BE7\/IMG_2800.jpg\"><img fetchpriority=\"high\" decoding=\"async\" title=\"IMG_2800\" style=\"border-left-width: 0px; border-right-width: 0px; background-image: none; border-bottom-width: 0px; padding-top: 0px; padding-left: 0px; display: inline; padding-right: 0px; border-top-width: 0px\" border=\"0\" alt=\"IMG_2800\" src=\"http:\/\/www.diocesisplasencia.org\/w\/wp-content\/uploads\/2015\/Novena-de-Nuestra-Seora-de-la-Asuncin-en_9BE7\/IMG_2800_thumb.jpg\" width=\"390\" height=\"562\"><\/a><\/p>\n<p><!--more--><\/p>\n<p>Ma\u00f1ana da comienzo la tradicional Novena en honor de la Asunci\u00f3n de Nuestra Se\u00f1ora en la Santa Iglesia Catedral de Plasencia, del 6 al 14 de agosto.<\/p>\n<p>Los cultos ser\u00e1n por la ma\u00f1ana a las 10.30 horas con la celebraci\u00f3n de la Santa Misa. Y por la tarde a las 20.00 horas con Santa Misa, Exposici\u00f3n, Santo Rosario, Preces del Novenario y Bendici\u00f3n Eucar\u00edstica.<\/p>\n","protected":false},"excerpt":{"rendered":"Ma\u00f1ana da comienzo la tradicional Novena en honor de la Asunci\u00f3n de Nuestra Se\u00f1ora en la Santa Iglesia Catedral de Plasencia, del 6 al 14 de agosto. Los cultos ser\u00e1n por la ma\u00f1ana a las 10.30 horas con la celebraci\u00f3n de la Santa Misa. Y...","protected":false},"author":1,"featured_media":0,"comment_status":"closed","ping_status":"closed","sticky":false,"template":"","format":"standard","meta":{"footnotes":""},"categories":[19],"tags":[],"_links":{"self":[{"href":"https:\/\/diocesisplasencia.org\/hemeroteca\/wp-json\/wp\/v2\/posts\/2868"}],"collection":[{"href":"https:\/\/diocesisplasencia.org\/hemeroteca\/wp-json\/wp\/v2\/posts"}],"about":[{"href":"https:\/\/diocesisplasencia.org\/hemeroteca\/wp-json\/wp\/v2\/types\/post"}],"author":[{"embeddable":true,"href":"https:\/\/diocesisplasencia.org\/hemeroteca\/wp-json\/wp\/v2\/users\/1"}],"replies":[{"embeddable":true,"href":"https:\/\/diocesisplasencia.org\/hemeroteca\/wp-json\/wp\/v2\/comments?post=2868"}],"version-history":[{"count":0,"href":"https:\/\/diocesisplasencia.org\/hemeroteca\/wp-json\/wp\/v2\/posts\/2868\/revisions"}],"wp:attachment":[{"href":"https:\/\/diocesisplasencia.org\/hemeroteca\/wp-json\/wp\/v2\/media?parent=2868"}],"wp:term":[{"taxonomy":"category","embeddable":true,"href":"https:\/\/diocesisplasencia.org\/hemeroteca\/wp-json\/wp\/v2\/categories?post=2868"},{"taxonomy":"post_tag","embeddable":true,"href":"https:\/\/diocesisplasencia.org\/hemeroteca\/wp-json\/wp\/v2\/tags?post=2868"}],"curies":[{"name":"wp","href":"https:\/\/api.w.org\/{rel}","templated":true}]}}