{"id":2830,"date":"2015-06-23T09:17:41","date_gmt":"2015-06-23T08:17:41","guid":{"rendered":"http:\/\/www.diocesisplasencia.org\/w\/?p=2830"},"modified":"2015-06-23T09:17:41","modified_gmt":"2015-06-23T08:17:41","slug":"campaa-de-responsabilidad-en-el-trfico","status":"publish","type":"post","link":"https:\/\/diocesisplasencia.org\/hemeroteca\/campaa-de-responsabilidad-en-el-trfico\/","title":{"rendered":"Campa\u00f1a de responsabilidad en el tr\u00e1fico"},"content":{"rendered":"<p><a href=\"http:\/\/www.diocesisplasencia.org\/w\/wp-content\/uploads\/2015\/a8ad46c45462_9017\/C0326---MG---JRT-2015---Cartel_espaol_AF_INT.jpg\"><img fetchpriority=\"high\" decoding=\"async\" title=\"C0326 - MG - JRT 2015 - Cartel_espa&ntilde;ol_AF_INT\" style=\"border-left-width: 0px; border-right-width: 0px; background-image: none; border-bottom-width: 0px; padding-top: 0px; padding-left: 0px; display: inline; padding-right: 0px; border-top-width: 0px\" border=\"0\" alt=\"C0326 - MG - JRT 2015 - Cartel_espa&ntilde;ol_AF_INT\" src=\"http:\/\/www.diocesisplasencia.org\/w\/wp-content\/uploads\/2015\/a8ad46c45462_9017\/C0326---MG---JRT-2015---Cartel_espaol_AF_INT_thumb.jpg\" width=\"348\" height=\"513\"><\/a><\/p>\n<p><!--more--><\/p>\n<p>Como todos los a\u00f1os con la llegada de las vacaciones estivales la Conferencia Episcopal Espa\u00f1ola lanza su campa\u00f1a de responsabilidad en el tr\u00e1fico. Este a\u00f1o bajo el lema \u201cLa prudencia, gu\u00eda experta para el camino\u201d, para que todo el que se ponga detr\u00e1s de un volante tenga presente la prudencia y llegue a su destino de la mano de San Crist\u00f3bal, patrono de los conductores.<\/p>\n","protected":false},"excerpt":{"rendered":"Como todos los a\u00f1os con la llegada de las vacaciones estivales la Conferencia Episcopal Espa\u00f1ola lanza su campa\u00f1a de responsabilidad en el tr\u00e1fico. Este a\u00f1o bajo el lema \u201cLa prudencia, gu\u00eda experta para el camino\u201d, para que todo el que se ponga detr\u00e1s de un...","protected":false},"author":1,"featured_media":0,"comment_status":"closed","ping_status":"closed","sticky":false,"template":"","format":"standard","meta":{"footnotes":""},"categories":[19],"tags":[],"_links":{"self":[{"href":"https:\/\/diocesisplasencia.org\/hemeroteca\/wp-json\/wp\/v2\/posts\/2830"}],"collection":[{"href":"https:\/\/diocesisplasencia.org\/hemeroteca\/wp-json\/wp\/v2\/posts"}],"about":[{"href":"https:\/\/diocesisplasencia.org\/hemeroteca\/wp-json\/wp\/v2\/types\/post"}],"author":[{"embeddable":true,"href":"https:\/\/diocesisplasencia.org\/hemeroteca\/wp-json\/wp\/v2\/users\/1"}],"replies":[{"embeddable":true,"href":"https:\/\/diocesisplasencia.org\/hemeroteca\/wp-json\/wp\/v2\/comments?post=2830"}],"version-history":[{"count":0,"href":"https:\/\/diocesisplasencia.org\/hemeroteca\/wp-json\/wp\/v2\/posts\/2830\/revisions"}],"wp:attachment":[{"href":"https:\/\/diocesisplasencia.org\/hemeroteca\/wp-json\/wp\/v2\/media?parent=2830"}],"wp:term":[{"taxonomy":"category","embeddable":true,"href":"https:\/\/diocesisplasencia.org\/hemeroteca\/wp-json\/wp\/v2\/categories?post=2830"},{"taxonomy":"post_tag","embeddable":true,"href":"https:\/\/diocesisplasencia.org\/hemeroteca\/wp-json\/wp\/v2\/tags?post=2830"}],"curies":[{"name":"wp","href":"https:\/\/api.w.org\/{rel}","templated":true}]}}