{"id":2717,"date":"2015-03-31T10:18:52","date_gmt":"2015-03-31T09:18:52","guid":{"rendered":"http:\/\/www.diocesisplasencia.org\/w\/?p=2717"},"modified":"2015-03-31T10:18:52","modified_gmt":"2015-03-31T09:18:52","slug":"misa-crismal-en-la-catedral-4","status":"publish","type":"post","link":"https:\/\/diocesisplasencia.org\/hemeroteca\/misa-crismal-en-la-catedral-4\/","title":{"rendered":"MISA CRISMAL EN LA CATEDRAL"},"content":{"rendered":"<p><a href=\"http:\/\/www.diocesisplasencia.org\/w\/wp-content\/uploads\/2015\/MISACRISMALENLACATEDRAL_9F04\/IMG_09311024x682.jpg\"><img fetchpriority=\"high\" decoding=\"async\" style=\"border-right-width: 0px;border-top-width: 0px;border-bottom-width: 0px;border-left-width: 0px\" title=\"IMG_0931-1024x682\" border=\"0\" alt=\"IMG_0931-1024x682\" src=\"http:\/\/www.diocesisplasencia.org\/w\/wp-content\/uploads\/2015\/MISACRISMALENLACATEDRAL_9F04\/IMG_09311024x682_thumb.jpg\" width=\"434\" height=\"291\"><\/a> <\/p>\n<p>&nbsp;<\/p>\n<p><strong>A las 12.30<\/strong> <strong>horas<\/strong> de ma\u00f1ana <strong>mi\u00e9rcoles 1 de abril<\/strong> <strong>en la catedral de Plasencia <\/strong>tendr\u00e1 lugar la celebraci\u00f3n de la <strong>Misa Crismal<\/strong>, un acto programado por la Iglesia Cat\u00f3lica con motivo de la Semana Santa.  <\/p>\n<p>La ceremonia religiosa, reunir\u00e1 a los sacerdotes de la Di\u00f3cesis y ser\u00e1 <strong>presidida por monse\u00f1or Amadeo Rodr\u00edguez Magro, obispo de la Di\u00f3cesis de Plasencia<\/strong>. <\/p>\n<p><!--more--><\/p>\n<p>La Misa Crismal es un acto religioso que celebra el Obispo con todos los sacerdotes y di\u00e1conos de su de Di\u00f3cesis. En esta eucarist\u00eda el obispo consagrar\u00e1 el Santo Crisma y bendecir\u00e1 los \u00f3leos de los catec\u00famenos y de los enfermos. La Misa Crimal es considerada una ocasi\u00f3n para reunir a todo el presbiterio alrededor de su obispo y hacer de la celebraci\u00f3n una fiesta del sacerdocio.<\/p>\n","protected":false},"excerpt":{"rendered":"<p>&nbsp; A las 12.30 horas de ma\u00f1ana mi\u00e9rcoles 1 de abril en la catedral de Plasencia tendr\u00e1 lugar la celebraci\u00f3n de la Misa Crismal, un acto programado por la Iglesia Cat\u00f3lica con motivo de la Semana Santa. La ceremonia religiosa, reunir\u00e1 a los sacerdotes de&#8230;<\/p>\n","protected":false},"author":1,"featured_media":0,"comment_status":"closed","ping_status":"closed","sticky":false,"template":"","format":"standard","meta":{"footnotes":""},"categories":[19],"tags":[],"_links":{"self":[{"href":"https:\/\/diocesisplasencia.org\/hemeroteca\/wp-json\/wp\/v2\/posts\/2717"}],"collection":[{"href":"https:\/\/diocesisplasencia.org\/hemeroteca\/wp-json\/wp\/v2\/posts"}],"about":[{"href":"https:\/\/diocesisplasencia.org\/hemeroteca\/wp-json\/wp\/v2\/types\/post"}],"author":[{"embeddable":true,"href":"https:\/\/diocesisplasencia.org\/hemeroteca\/wp-json\/wp\/v2\/users\/1"}],"replies":[{"embeddable":true,"href":"https:\/\/diocesisplasencia.org\/hemeroteca\/wp-json\/wp\/v2\/comments?post=2717"}],"version-history":[{"count":0,"href":"https:\/\/diocesisplasencia.org\/hemeroteca\/wp-json\/wp\/v2\/posts\/2717\/revisions"}],"wp:attachment":[{"href":"https:\/\/diocesisplasencia.org\/hemeroteca\/wp-json\/wp\/v2\/media?parent=2717"}],"wp:term":[{"taxonomy":"category","embeddable":true,"href":"https:\/\/diocesisplasencia.org\/hemeroteca\/wp-json\/wp\/v2\/categories?post=2717"},{"taxonomy":"post_tag","embeddable":true,"href":"https:\/\/diocesisplasencia.org\/hemeroteca\/wp-json\/wp\/v2\/tags?post=2717"}],"curies":[{"name":"wp","href":"https:\/\/api.w.org\/{rel}","templated":true}]}}