{"id":2617,"date":"2015-01-23T11:28:34","date_gmt":"2015-01-23T10:28:34","guid":{"rendered":"http:\/\/www.diocesisplasencia.org\/w\/?p=2617"},"modified":"2015-01-23T11:28:34","modified_gmt":"2015-01-23T10:28:34","slug":"presentada-la-historia-de-la-provincia-eclesistica","status":"publish","type":"post","link":"https:\/\/diocesisplasencia.org\/hemeroteca\/presentada-la-historia-de-la-provincia-eclesistica\/","title":{"rendered":"Presentada la historia de la Provincia Eclesi\u00e1stica"},"content":{"rendered":"<p><a href=\"http:\/\/www.diocesisplasencia.org\/w\/wp-content\/uploads\/2015\/PresentadalahistoriadelaProvinciaEclesis_A158\/IMG_4850.jpg\"><img fetchpriority=\"high\" decoding=\"async\" style=\"border-right-width: 0px;border-top-width: 0px;border-bottom-width: 0px;border-left-width: 0px\" title=\"IMG_4850\" border=\"0\" alt=\"IMG_4850\" src=\"http:\/\/www.diocesisplasencia.org\/w\/wp-content\/uploads\/2015\/PresentadalahistoriadelaProvinciaEclesis_A158\/IMG_4850_thumb.jpg\" width=\"412\" height=\"276\"><\/a>  <\/p>\n<p>El pasado s\u00e1bado, 17 de enero, se presentaba en el sal\u00f3n de actos del Arzobispado la historia de la Provincia Eclesi\u00e1stica de M\u00e9rida-Badajoz, editada por la Biblioteca de Autores Cristianos (BAC) en un solo volumen de m\u00e1s de 1.200 p\u00e1ginas. La obra forma parte de la colecci\u00f3n sobre la historia de las di\u00f3cesis espa\u00f1olas editados por la BAC.<\/p>\n<p><!--more--><\/p>\n<p>En el libro, que ha llevado un trabajo de m\u00e1s de diez a\u00f1os, colaboran 14 autores, entre catedr\u00e1ticos de la Universidad de Extremadura y de Sevilla, historiadores, investigadores y directores de archivos diocesanos, y consta de cinco partes: el cristianismo primitivo en Extremadura, la historia de cada una de las tres di\u00f3cesis y un \u00faltimo apartado sobre los jud\u00edos y la Orden de Santiago.  <\/p>\n<p>El acto fue presidido por el arzobispo de M\u00e9rida-Badajoz, Monse\u00f1or Santiago Garc\u00eda Aracil, que destac\u00f3 la importancia de saber nuestra historia para conocer la propia identidad, y esto a su vez, para vivir coherentemente.  <\/p>\n<p>Don Santiago defini\u00f3 a la historia como \u201clas ra\u00edces del \u00e1rbol que le ayudan a crecer, de tal modo que, con el tiempo, no se parece a como era cuando se plant\u00f3, pero es el mismo \u00e1rbol que se ha desarrollado en lozan\u00eda aprovechando toda la riqueza de su pasado, de sus ra\u00edces.  <\/p>\n<p>El director de la BAC, Carlos Granado, afirm\u00f3 que este libro, aun no siendo divulgativo, se lee con gusto y dijo que de los 24 tomos que tendr\u00e1 finalmente la colecci\u00f3n sobre la historia de las di\u00f3cesis espa\u00f1olas, ya se han escrito 10, en los que han participado m\u00e1s de 200 historiadores.  <\/p>\n<p>Ambos estuvieron acompa\u00f1ados en la mesa presidencial por el arzobispo coadjutor, Monse\u00f1or Celso Morga Iruzubieta, los Vicarios Generales de las tres di\u00f3cesis que componen la Provincia Eclesi\u00e1stica (M\u00e9rida-Badajoz, Coria-C\u00e1ceres y Plasencia) y la archivera de Coria-C\u00e1ceres, Carmen Fuentes.  <\/p>\n<p>Entre los asistentes al acto se encontraban el delegado del Gobierno en Extremadura, Germ\u00e1n L\u00f3pez Iglesias, el alcalde de Badajoz, Fancisco Javier Fragoso, y representantes del Gobierno de Extremadura, adem\u00e1s de un gran n\u00famero de personas del mundo de la cultura extreme\u00f1a y sacerdotes.<\/p>\n","protected":false},"excerpt":{"rendered":"<p>El pasado s\u00e1bado, 17 de enero, se presentaba en el sal\u00f3n de actos del Arzobispado la historia de la Provincia Eclesi\u00e1stica de M\u00e9rida-Badajoz, editada por la Biblioteca de Autores Cristianos (BAC) en un solo volumen de m\u00e1s de 1.200 p\u00e1ginas. La obra forma parte de&#8230;<\/p>\n","protected":false},"author":1,"featured_media":0,"comment_status":"closed","ping_status":"closed","sticky":false,"template":"","format":"standard","meta":{"footnotes":""},"categories":[19],"tags":[],"_links":{"self":[{"href":"https:\/\/diocesisplasencia.org\/hemeroteca\/wp-json\/wp\/v2\/posts\/2617"}],"collection":[{"href":"https:\/\/diocesisplasencia.org\/hemeroteca\/wp-json\/wp\/v2\/posts"}],"about":[{"href":"https:\/\/diocesisplasencia.org\/hemeroteca\/wp-json\/wp\/v2\/types\/post"}],"author":[{"embeddable":true,"href":"https:\/\/diocesisplasencia.org\/hemeroteca\/wp-json\/wp\/v2\/users\/1"}],"replies":[{"embeddable":true,"href":"https:\/\/diocesisplasencia.org\/hemeroteca\/wp-json\/wp\/v2\/comments?post=2617"}],"version-history":[{"count":0,"href":"https:\/\/diocesisplasencia.org\/hemeroteca\/wp-json\/wp\/v2\/posts\/2617\/revisions"}],"wp:attachment":[{"href":"https:\/\/diocesisplasencia.org\/hemeroteca\/wp-json\/wp\/v2\/media?parent=2617"}],"wp:term":[{"taxonomy":"category","embeddable":true,"href":"https:\/\/diocesisplasencia.org\/hemeroteca\/wp-json\/wp\/v2\/categories?post=2617"},{"taxonomy":"post_tag","embeddable":true,"href":"https:\/\/diocesisplasencia.org\/hemeroteca\/wp-json\/wp\/v2\/tags?post=2617"}],"curies":[{"name":"wp","href":"https:\/\/api.w.org\/{rel}","templated":true}]}}